{"id":1531,"date":"2002-03-13T11:28:55","date_gmt":"2002-03-13T11:28:55","guid":{"rendered":"http:\/\/www.decinti.com\/?p=1531"},"modified":"2016-08-27T20:52:26","modified_gmt":"2016-08-27T20:52:26","slug":"realismo","status":"publish","type":"post","link":"https:\/\/www.decinti.com\/en\/realismo\/","title":{"rendered":"El Realismo se apodera de Chinch\u00f3n"},"content":{"rendered":"<blockquote><p>El pintor chileno Guillermo Mu\u00f1oz Vera crea una academia para j\u00f3venes artistas latinoamericanos y espa\u00f1oles<\/p><\/blockquote>\n<p style=\"text-align: right;\">M. F. M. Chinch\u00f3n<\/p>\n<p>Hace cuatro a\u00f1os que el pintor chileno Guillermo Mu\u00f1oz Vera decidi\u00f3 instalarse en Chinch\u00f3n despu\u00e9s de dos d\u00e9cadas viviendo en Madrid. Consider\u00f3 que el ambiente rural de esta localidad medieval al sur de la regi\u00f3n era un interesante atractivo para cultivar su sue\u00f1o: una escuela de arte poco convencional. Sin dogmas ni presiones, deb\u00eda permitir a j\u00f3venes latinoamericanos y espa\u00f1oles dar rienda suelta a sus distintas maneras de entender la pintura. Para ello cre\u00f3 la Fundaci\u00f3n Arte y Autores Contempor\u00e1neos (Arauco). La idea naci\u00f3 en 1994 de una conversaci\u00f3n entre Mu\u00f1oz Vera y la presidenta de la fundaci\u00f3n\u2019, la pintora espa\u00f1ola Carmen Sp\u00ednola. Hoy, ambos artistas est\u00e1n a punto de convertir esta localidad de 4.000 habitantes en uno de los centros art\u00edsticos m\u00e1s importantes de la regi\u00f3n, en la que ya tienen una academia permanente. Adem\u00e1s, est\u00e1n en camino una residencia para j\u00f3venes artistas y \u201cel primer Museo de Arte Contempor\u00e1neo del sur de Madrid\u201d, seg\u00fan el propio Mu\u00f1oz Vera. No se pretende cambiar el perfil arquitect\u00f3nico y el estilo barroco espa\u00f1ol que estas casas albergan. Se quiere preservar la historia de Chinch\u00f3n y trabajar con ella. La Fundaci\u00f3n Arauco, a trav\u00e9s de becas de posgrado, pone a disposici\u00f3n de los estudiantes, de forma gratuita, los medios que necesitan para superarse en el campo de las artes pl\u00e1sticas. Esto se traduce en la posibilidad de optar a herramientas y alojamiento. Actualmente, ocho j\u00f3venes artistas estudian en los talleres construidos en la propia casa del chileno, al que se considera \u201cmaestro\u201d del realismo contempor\u00e1neo. El talento y la constante supervisi\u00f3n del pintor constituyen una motivaci\u00f3n especial para los alumnos, que reconocen en \u00e9l su profunda conexi\u00f3n con el arte. Los ocho \u2014dos espa\u00f1ole, un peruano, cuatro chilenos y un colombiano\u2014 pintan, conscientes de que sus obras se dar\u00e1n a conocer bajo el patrocinio de Arauco. Llevan dos exposiciones colectivas en un a\u00f1o, y en septiembre todo el trabajo de la academia se podr\u00e1 contemplares la galer\u00eda Marieschi de Mil\u00e1n. En cuatro a\u00f1os de actividad han pasado 20 alumnos por la Casa Dusmet, nombre que recibe la vivienda, del siglo XVII, rehabilitada por Mu\u00f1oz Vera para que los estudiantes se inspiren y se perfeccionen. Los talleres, que se sit\u00faan entre patios y lagares, son un lugar id\u00f3neo para que los artistas desarrollen su trabajo. Los edificios que albergar\u00e1n la residencia permanente de estudiantes de arte y el futuro museo ya son propiedad de Arauco, y estar\u00e1n terminados para d \u2022? que viene. La fundaci\u00f3n es \u201cuna herramienta para realizar sue\u00f1os\u201d, en palabras de Alejandro Decinti, tambi\u00e9n chileno, alumno desde hace cinco meses. \u201cVine porque en Latinoam\u00e9rica no hay condiciones para desarrollar mi trabajo. Aqu\u00ed tengo la oportunidad de proyectarme\u201d, explica. Oscar Villal\u00f3n, de 29 a\u00f1os, nunca imagin\u00f3 que el destino lo llevar\u00eda a formar parte de un grupo de j\u00f3venes promesas dispuestos\u25a0 \u2022 ,a entregar * todo su potencial )art\u00edstico. Este pintor destaca \u201cel intercambio de ideas y las diferentes formas de ver la vida\u201d qu\u00e9 ha encontrado en Chinch\u00f3n, adonde lleg\u00f3 directamente desde Santiago de Chile, fascinado por el proyecto. \u201cLa sensaci\u00f3n de estar como en tu propia casa supone una facilidad a la hora de trabajar\u201d, afirma. \u2014 Todos se consideran por las condiciones en las que crean y las posibilidades de dar a conocer sus trabajos.Cuatro de los alumnos actuales son, a su vez, profesores en una academia para el p\u00fablico general que la fundaci\u00f3n posee en el centro de Madrid.<\/p>\n<h5><strong>Sin curr\u00edculo<\/strong><\/h5>\n<p><strong><\/strong>Todo este ed\u00e9n de\/artista contempor\u00e1neo se sustenta con la venta de cuadros de Mu\u00f1oz Vera, que se cotizan, a precios astron\u00f3micos, en galer\u00edas como Christie\u2019s y Sotheby\u2019s de Nueva York. La selecci\u00f3n de los privilegiados creadores no sigue un patr\u00f3n determinado. No cuentan curr\u00edculos, exposiciones o recomendaciones, tan s\u00f3lo \u201cel inter\u00e9s por formar parte de este proyecto\u201d, en palabras de Mu\u00f1oz Vera. Tampoco el tiempo de estudio est\u00e1 determinado. Hay quien lleva dos a\u00f1os en Chinch\u00f3n y comparte espacio con quien lleva un semestre. M\u00e1s all\u00e1 de las propuestas que cada estudiante tiene, hay un trasfondo esencial para que la fundaci\u00f3n tenga sentido, y es que el deseo, la dedicaci\u00f3n, la disciplina y la paciencia se logren compatibilizar en una misma tela y se transformen en creaci\u00f3n. El \u00e9xito de la fundaci\u00f3n ha sido tan importante que la experiencia de trabajar con j\u00f3venes ha superado todas las expectativa. Carmen Sp\u00ednola y Mu\u00f1oz Vera nunca pensaron que los resultados fueran tan inmediatos y espectaculares como los que han cosechado: haber formado cuatro profesores cualificados en apenas unos meses, o que todos los alumnos hayan empezado a vender sus obras nada m\u00e1s entrar a formar parte del proyecto. La intenci\u00f3n de ambos pintores es que la fundaci\u00f3n crezca para dar cabida a otros oficio, como, por ejemplo, modelado y escultura, dise\u00f1o inform\u00e1tico y restauraci\u00f3n de cuadros. Arauco es un proyecto cultural importante. La trascendencia que tiene un espacio destinado a fomentar las aptitudes humanas y la b\u00fasqueda de nuevas experiencias hace que la fundaci\u00f3n ilusione a j\u00f3venes que piensan que este camino es un estilo.<\/p>\n<h5><strong>Tres hermosos proyectos<\/strong><\/h5>\n<p><strong><\/strong>La Casa de la Cadena, construida a finales del siglo XVII y situada en un costado de la plaza Mayor de Chinch\u00f3n, se transformar\u00e1 en el Museo de Arte Contempor\u00e1neo. La iniciativa de Guillermo Mu\u00f1oz Vera y Carmen Sp\u00ednola se centra en una exhibici\u00f3n permanente de pintura. Esta pinacoteca mostrar\u00e1 arte figurativo, contempor\u00e1neo cl\u00e1sico y una gran presencia de pintores latinoamericanos, hecho sin precedentes en Europa. Otro de los proyectos es la creaci\u00f3n de la residencia de estudiantes.Ubicada frente a Casa Dusmet, esta vivienda consta de 11 departamentos que cobijar\u00e1n a los alumnos. Por \u00faltimo, Mu\u00f1oz Vera y Sp\u00ednola planean habilitar la casa de Monte Hermoso, parcialmente destruida durante la guerra civil. Rehabilitada en la d\u00e9cada de los setenta sobre una superficie de 3.000 metros cuadrados, se acondicion\u00f3 como restaurante en 1984. Sin embargo, un a\u00f1o m\u00e1s tarde fue abandonada. La Fundaci\u00f3n Arauco la compr\u00f3 en diciembre pasado, y ahora Monte Hermoso se transformar\u00e1 para acoger talleres de trabajo designados a los alumnos e impartir en su seno cursos de pintura; tendr\u00e1 tambi\u00e9n una galer\u00eda de arte con exposiciones temporales y una permanente del propio Mu\u00f1oz Vera. <img loading=\"lazy\" decoding=\"async\" class=\"alignnone size-full wp-image-1532\" alt=\"1-Prensa Chinch\u00f3n Arauco\" src=\"http:\/\/www.decinti.com\/wp-content\/uploads\/2015\/04\/1-Prensa-Chinch\u00f3n-Arauco.jpg\" width=\"1492\" height=\"1600\" srcset=\"https:\/\/www.decinti.com\/wp-content\/uploads\/2015\/04\/1-Prensa-Chinch\u00f3n-Arauco.jpg 1492w, https:\/\/www.decinti.com\/wp-content\/uploads\/2015\/04\/1-Prensa-Chinch\u00f3n-Arauco-139x150.jpg 139w, https:\/\/www.decinti.com\/wp-content\/uploads\/2015\/04\/1-Prensa-Chinch\u00f3n-Arauco-746x800.jpg 746w\" sizes=\"(max-width: 1492px) 100vw, 1492px\" \/> 24 \/ EL PA\u00cdS Mi\u00e9rcoles 13 de marzo de 2002<\/p>\n","protected":false},"excerpt":{"rendered":"<p>El pintor chileno Guillermo Mu\u00f1oz Vera crea una academia para j\u00f3venes artistas latinoamericanos y espa\u00f1oles M. F. M. Chinch\u00f3n Hace cuatro a\u00f1os que el pintor chileno Guillermo Mu\u00f1oz Vera decidi\u00f3 instalarse en Chinch\u00f3n despu\u00e9s de dos d\u00e9cadas viviendo en Madrid. Consider\u00f3 que el ambiente rural de esta localidad medieval al sur de la regi\u00f3n era [&#8230;]<\/p>\n","protected":false},"author":1,"featured_media":1532,"comment_status":"closed","ping_status":"closed","sticky":false,"template":"","format":"standard","meta":{"_acf_changed":false,"_jetpack_memberships_contains_paid_content":false,"footnotes":""},"categories":[5],"tags":[],"acf":[],"jetpack_sharing_enabled":true,"jetpack_featured_media_url":"https:\/\/www.decinti.com\/wp-content\/uploads\/2015\/04\/1-Prensa-Chinch\u00f3n-Arauco.jpg","_links":{"self":[{"href":"https:\/\/www.decinti.com\/en\/wp-json\/wp\/v2\/posts\/1531"}],"collection":[{"href":"https:\/\/www.decinti.com\/en\/wp-json\/wp\/v2\/posts"}],"about":[{"href":"https:\/\/www.decinti.com\/en\/wp-json\/wp\/v2\/types\/post"}],"author":[{"embeddable":true,"href":"https:\/\/www.decinti.com\/en\/wp-json\/wp\/v2\/users\/1"}],"replies":[{"embeddable":true,"href":"https:\/\/www.decinti.com\/en\/wp-json\/wp\/v2\/comments?post=1531"}],"version-history":[{"count":0,"href":"https:\/\/www.decinti.com\/en\/wp-json\/wp\/v2\/posts\/1531\/revisions"}],"wp:featuredmedia":[{"embeddable":true,"href":"https:\/\/www.decinti.com\/en\/wp-json\/wp\/v2\/media\/1532"}],"wp:attachment":[{"href":"https:\/\/www.decinti.com\/en\/wp-json\/wp\/v2\/media?parent=1531"}],"wp:term":[{"taxonomy":"category","embeddable":true,"href":"https:\/\/www.decinti.com\/en\/wp-json\/wp\/v2\/categories?post=1531"},{"taxonomy":"post_tag","embeddable":true,"href":"https:\/\/www.decinti.com\/en\/wp-json\/wp\/v2\/tags?post=1531"}],"curies":[{"name":"wp","href":"https:\/\/api.w.org\/{rel}","templated":true}]}}