{"id":1763,"date":"2015-10-20T20:17:57","date_gmt":"2015-10-20T20:17:57","guid":{"rendered":"http:\/\/www.decinti.com\/?p=1763"},"modified":"2018-03-21T09:18:44","modified_gmt":"2018-03-21T09:18:44","slug":"kunst-wirkt-wie-ein-fantastischer-traum","status":"publish","type":"post","link":"https:\/\/www.decinti.com\/en\/kunst-wirkt-wie-ein-fantastischer-traum\/","title":{"rendered":"Kunst wirkt wie ein fantastischer Traum"},"content":{"rendered":"<p><strong>Die neue Artibus-Ausstellung \u201eMythologische erz\u00e4hlungen\u201c thematisiert ovids Metamorphosen auf hohem Niveau<\/strong><\/p>\n<p style=\"text-align: right;\">Von Dirk M\u00fcller<\/p>\n<p style=\"text-align: left;\">Der Besuch dieser Kunstausstellung wird einem fantastischen Traum gleichen: Die Artibus- Schau, die am Sonntag, 18. Oktober, um 12 Uhr in der Galerie der Stolberger Burg er\u00f6ffnet wird, tr\u00e4gt den Titel \u201eMythologische Erz\u00e4hlungen\u201c und beeindruckt auf hohem Niveau. Mit enormer Anziehungskraft lassen die Bilder den Betrachter tief in andere Welten eintauchen, erz\u00e4hlen sph\u00e4risch ihre Geschichten und vermitteln eine F\u00fclle von menschlichen Emotionen. Die Werke von Alejandro und Antonio DeCinti sowie vom Artibus-Kurator Rafael Ram\u00edrez M\u00e1ro lassen Ovids \u201eMetamorphosen\u201c lebendig werden.<\/p>\n<p style=\"text-align: left;\">Dabei richtet die Ausstellung sich nicht nur an Kenner der Schriften des r\u00f6mischen Dichters Publius Ovidius Naso, kurz \u201eOvid\u201c, oder der Sagen des klassischen Altertums, denn einerseits sprechen die Gem\u00e4lde f\u00fcr sich, und andererseits informieren kurze Texte \u00fcber die Motive und die literarische Grundlage. Harmonisch f\u00fcgen sich die Exponate der drei K\u00fcnstler zu einer komplexen Ausstellung. Geheimnisvoll, teils d\u00fcster und oft von strahlender Sch\u00f6nheit k\u00fcnden die Werke von Verg\u00e4nglichkeit, Leidenschaft, Verletzlichkeit und Begierde. Erotische Komponenten bestechen durch Sinnlichkeit und gro\u00dfe \u00c4sthetik.<\/p>\n<p style=\"text-align: left;\">Ram\u00edrez M\u00e1ro thematisiert etwa die Geburt des Pegasus\u2018, zeigt die Sibyllen genannten Seherinnen und greift die Verwandlung (Metamorphose) als solche auf. Der Artibus- Kurator steuert zudem ein \u00fcbergro\u00dfes Gem\u00e4lde zu der Ausstellung bei, das sich auf das Ende von Ovids Metamorphosen bezieht und Gaius Julius C\u00e4sar inmitten r\u00f6mischer Senatoren darstellt \u2013 kurz vor seiner Ermordung mit 23 Dolchstichen. Alejandro DeCinti widmet zwei Bilder der Entf\u00fchrung der Europa, und zeigt, wie Zeus, der m\u00e4chtigste Gott des Olymps, in einen wei\u00dfen Stier verwandelt die Sch\u00f6ne \u00fcbersMeer zur Insel Kreta bringt.<\/p>\n<p style=\"text-align: left;\">Doch auch in menschlicher Gestalt begegnet Zeus dem Betrachter, und Alejandro DeCinti erweckt Nymphen des klassischen Altertums ebenso eindrucksvoll zumLeben wie Echo, die aufgrund ihrer hoffnungslosen Liebe zu Narcissus lange in Einsamkeit lebte und schlie\u00dflich von Hera zu Stein verwandelt wurde. Alejandro DeCintis Sohn Antonio DeCinti assistierte bei der Entstehung dieser faszinierenden Werke und fertigte selbst Studien zu dem Zyklus an. In kleineren Formaten besch\u00e4ftigt er sich mit \u201eMomentaufnahmen\u201c, greift erotische Details auf und variiert sie beeindruckend.<\/p>\n<p style=\"text-align: left;\"><img loading=\"lazy\" decoding=\"async\" class=\"size-full wp-image-1764 aligncenter\" src=\"http:\/\/www.decinti.com\/wp-content\/uploads\/2015\/10\/artibus-decinti-vorbericht-10.jpg\" alt=\"artibus-decinti-vorbericht-10\" width=\"959\" height=\"1382\" srcset=\"https:\/\/www.decinti.com\/wp-content\/uploads\/2015\/10\/artibus-decinti-vorbericht-10.jpg 959w, https:\/\/www.decinti.com\/wp-content\/uploads\/2015\/10\/artibus-decinti-vorbericht-10-104x150.jpg 104w, https:\/\/www.decinti.com\/wp-content\/uploads\/2015\/10\/artibus-decinti-vorbericht-10-555x800.jpg 555w\" sizes=\"(max-width: 959px) 100vw, 959px\" \/><\/p>\n","protected":false},"excerpt":{"rendered":"<p>Die neue Artibus-Ausstellung \u201eMythologische erz\u00e4hlungen\u201c thematisiert ovids Metamorphosen auf hohem Niveau Von Dirk M\u00fcller Der Besuch dieser Kunstausstellung wird einem fantastischen Traum gleichen: Die Artibus- Schau, die am Sonntag, 18. Oktober, um 12 Uhr in der Galerie der Stolberger Burg er\u00f6ffnet wird, tr\u00e4gt den Titel \u201eMythologische Erz\u00e4hlungen\u201c und beeindruckt auf hohem Niveau. Mit enormer Anziehungskraft [&#8230;]<\/p>\n","protected":false},"author":1,"featured_media":1764,"comment_status":"closed","ping_status":"closed","sticky":false,"template":"","format":"standard","meta":{"_acf_changed":false,"_jetpack_memberships_contains_paid_content":false,"footnotes":""},"categories":[5],"tags":[],"acf":[],"jetpack_sharing_enabled":true,"jetpack_featured_media_url":"https:\/\/www.decinti.com\/wp-content\/uploads\/2015\/10\/artibus-decinti-vorbericht-10.jpg","_links":{"self":[{"href":"https:\/\/www.decinti.com\/en\/wp-json\/wp\/v2\/posts\/1763"}],"collection":[{"href":"https:\/\/www.decinti.com\/en\/wp-json\/wp\/v2\/posts"}],"about":[{"href":"https:\/\/www.decinti.com\/en\/wp-json\/wp\/v2\/types\/post"}],"author":[{"embeddable":true,"href":"https:\/\/www.decinti.com\/en\/wp-json\/wp\/v2\/users\/1"}],"replies":[{"embeddable":true,"href":"https:\/\/www.decinti.com\/en\/wp-json\/wp\/v2\/comments?post=1763"}],"version-history":[{"count":0,"href":"https:\/\/www.decinti.com\/en\/wp-json\/wp\/v2\/posts\/1763\/revisions"}],"wp:featuredmedia":[{"embeddable":true,"href":"https:\/\/www.decinti.com\/en\/wp-json\/wp\/v2\/media\/1764"}],"wp:attachment":[{"href":"https:\/\/www.decinti.com\/en\/wp-json\/wp\/v2\/media?parent=1763"}],"wp:term":[{"taxonomy":"category","embeddable":true,"href":"https:\/\/www.decinti.com\/en\/wp-json\/wp\/v2\/categories?post=1763"},{"taxonomy":"post_tag","embeddable":true,"href":"https:\/\/www.decinti.com\/en\/wp-json\/wp\/v2\/tags?post=1763"}],"curies":[{"name":"wp","href":"https:\/\/api.w.org\/{rel}","templated":true}]}}