{"id":2039,"date":"2016-08-23T12:47:55","date_gmt":"2016-08-23T12:47:55","guid":{"rendered":"http:\/\/www.decinti.com\/?p=2039"},"modified":"2017-09-08T10:49:47","modified_gmt":"2017-09-08T10:49:47","slug":"2016-miradas-complementarias-galeria-arauco-nurenberg","status":"publish","type":"post","link":"https:\/\/www.decinti.com\/en\/2016-miradas-complementarias-galeria-arauco-nurenberg\/","title":{"rendered":"2016 Miradas Complementarias &#8211; Galer\u00eda Arauco, N\u00fcrenberg"},"content":{"rendered":"<p>16 de Septiembre al 19 de Noviembre de 2016.<br \/>\nObras pertenecientes a los ciclos: \u201c<a href=\"http:\/\/www.decinti.com\/obra\/danza-de-manos\/\" title=\"Ciclo Danza de Manos\">Danza de Manos<\/a>\u201d.<br \/>\n<a href=\"http:\/\/arauco.de\/kunst\/\">Arauco Galerie<\/a><\/p>\n<p>MIRADAS COMPLEMENTARIAS \u2013 Decinti y Villal\u00f3n son dos artistas chilenos del realismo espa\u00f1ol que viven, pintan y dirigen una exitosa academia en Madrid.Decinti, Ellos nos trasladan mediante su pintura, de su espacio local al espacio universal y metaf\u00f3rico del esp\u00edritu y el alma, un lugar en el que la curiosidad y el trabajo afanoso resultan en la calma s\u00f3lida del artista, que no obedece a caprichos transitorios de la inspiraci\u00f3n. La imaginaci\u00f3n es fuente creadora, pero s\u00f3lo resulta al lado del dominio de los medios pl\u00e1sticos y de la claridad de los objetivos. As\u00ed, ellos tienen la \u00faltima palabra.<\/p>\n<p><img loading=\"lazy\" decoding=\"async\" src=\"http:\/\/www.decinti.com\/wp-content\/uploads\/2016\/08\/Flyer-Miradas.p_P\u00e1gina_1.jpg\" alt=\"Flyer-Miradas.p_P\u00e1gina_1\" width=\"2488\" height=\"1165\" class=\"alignright size-full wp-image-2040\" srcset=\"https:\/\/www.decinti.com\/wp-content\/uploads\/2016\/08\/Flyer-Miradas.p_P\u00e1gina_1.jpg 2048w, https:\/\/www.decinti.com\/wp-content\/uploads\/2016\/08\/Flyer-Miradas.p_P\u00e1gina_1-150x70.jpg 150w, https:\/\/www.decinti.com\/wp-content\/uploads\/2016\/08\/Flyer-Miradas.p_P\u00e1gina_1-800x374.jpg 800w, https:\/\/www.decinti.com\/wp-content\/uploads\/2016\/08\/Flyer-Miradas.p_P\u00e1gina_1-1600x749.jpg 1600w\" sizes=\"(max-width: 2488px) 100vw, 2488px\" \/><br \/>\n<img loading=\"lazy\" decoding=\"async\" src=\"http:\/\/www.decinti.com\/wp-content\/uploads\/2016\/08\/Flyer-Miradas.p_P\u00e1gina_2-e1472292448240.jpg\" alt=\"Flyer-Miradas.p_P\u00e1gina_2\" width=\"2488\" height=\"877\" class=\"alignnone size-full wp-image-2041\" srcset=\"https:\/\/www.decinti.com\/wp-content\/uploads\/2016\/08\/Flyer-Miradas.p_P\u00e1gina_2-e1472292448240.jpg 2048w, https:\/\/www.decinti.com\/wp-content\/uploads\/2016\/08\/Flyer-Miradas.p_P\u00e1gina_2-e1472292448240-150x52.jpg 150w, https:\/\/www.decinti.com\/wp-content\/uploads\/2016\/08\/Flyer-Miradas.p_P\u00e1gina_2-e1472292448240-800x281.jpg 800w, https:\/\/www.decinti.com\/wp-content\/uploads\/2016\/08\/Flyer-Miradas.p_P\u00e1gina_2-e1472292448240-1600x563.jpg 1600w\" sizes=\"(max-width: 2488px) 100vw, 2488px\" \/><\/p>\n","protected":false},"excerpt":{"rendered":"<p>16 de Septiembre al 19 de Noviembre de 2016. Obras pertenecientes a los ciclos: \u201cDanza de Manos\u201d. Arauco Galerie MIRADAS COMPLEMENTARIAS \u2013 Decinti y Villal\u00f3n son dos artistas chilenos del realismo espa\u00f1ol que viven, pintan y dirigen una exitosa academia en Madrid.Decinti, Ellos nos trasladan mediante su pintura, de su espacio local al espacio universal [&#8230;]<\/p>\n","protected":false},"author":1,"featured_media":2046,"comment_status":"closed","ping_status":"closed","sticky":false,"template":"","format":"standard","meta":{"_acf_changed":false,"_jetpack_memberships_contains_paid_content":false,"footnotes":""},"categories":[8,5],"tags":[],"acf":[],"jetpack_sharing_enabled":true,"jetpack_featured_media_url":"https:\/\/www.decinti.com\/wp-content\/uploads\/2016\/08\/miradas.jpg","_links":{"self":[{"href":"https:\/\/www.decinti.com\/en\/wp-json\/wp\/v2\/posts\/2039"}],"collection":[{"href":"https:\/\/www.decinti.com\/en\/wp-json\/wp\/v2\/posts"}],"about":[{"href":"https:\/\/www.decinti.com\/en\/wp-json\/wp\/v2\/types\/post"}],"author":[{"embeddable":true,"href":"https:\/\/www.decinti.com\/en\/wp-json\/wp\/v2\/users\/1"}],"replies":[{"embeddable":true,"href":"https:\/\/www.decinti.com\/en\/wp-json\/wp\/v2\/comments?post=2039"}],"version-history":[{"count":0,"href":"https:\/\/www.decinti.com\/en\/wp-json\/wp\/v2\/posts\/2039\/revisions"}],"wp:featuredmedia":[{"embeddable":true,"href":"https:\/\/www.decinti.com\/en\/wp-json\/wp\/v2\/media\/2046"}],"wp:attachment":[{"href":"https:\/\/www.decinti.com\/en\/wp-json\/wp\/v2\/media?parent=2039"}],"wp:term":[{"taxonomy":"category","embeddable":true,"href":"https:\/\/www.decinti.com\/en\/wp-json\/wp\/v2\/categories?post=2039"},{"taxonomy":"post_tag","embeddable":true,"href":"https:\/\/www.decinti.com\/en\/wp-json\/wp\/v2\/tags?post=2039"}],"curies":[{"name":"wp","href":"https:\/\/api.w.org\/{rel}","templated":true}]}}