{"id":2149,"date":"2014-10-12T12:17:41","date_gmt":"2014-10-12T12:17:41","guid":{"rendered":"http:\/\/www.decinti.com\/?p=2149"},"modified":"2017-01-14T21:09:19","modified_gmt":"2017-01-14T21:09:19","slug":"2014-das-narrenshiff-burggalerie-burg-stolberg-aachen","status":"publish","type":"post","link":"https:\/\/www.decinti.com\/en\/2014-das-narrenshiff-burggalerie-burg-stolberg-aachen\/","title":{"rendered":"2014 Das Narrenshiff &#8211; Burggalerie Burg Stolberg, Aachen"},"content":{"rendered":"<p>Del 12 Octubre al 9 Noviembre de 2014<br \/>\nObras pertenecientes a los ciclos:\u00a0<a title=\"Nave de necios\" href=\"http:\/\/www.decinti.com\/obra\/ciclo-nave-de-necios\/\">\u201cNave de Necios\u201d<\/a> <\/p>\n<p><img loading=\"lazy\" decoding=\"async\" class=\"alignnone size-full wp-image-2151\" alt=\"Botschaft_Chile_Einladung_DeCinti_ANSICHT_03_P\u00e1gina_1\" src=\"http:\/\/www.decinti.com\/wp-content\/uploads\/2016\/08\/Botschaft_Chile_Einladung_DeCinti_ANSICHT_03_P\u00e1gina_11.jpg\" width=\"1600\" height=\"848\" srcset=\"https:\/\/www.decinti.com\/wp-content\/uploads\/2016\/08\/Botschaft_Chile_Einladung_DeCinti_ANSICHT_03_P\u00e1gina_11.jpg 1600w, https:\/\/www.decinti.com\/wp-content\/uploads\/2016\/08\/Botschaft_Chile_Einladung_DeCinti_ANSICHT_03_P\u00e1gina_11-150x79.jpg 150w, https:\/\/www.decinti.com\/wp-content\/uploads\/2016\/08\/Botschaft_Chile_Einladung_DeCinti_ANSICHT_03_P\u00e1gina_11-800x424.jpg 800w\" sizes=\"(max-width: 1600px) 100vw, 1600px\" \/><br \/>\n\n\t\t<style type=\"text\/css\">\n\t\t\t#gallery-1 {\n\t\t\t\tmargin: auto;\n\t\t\t}\n\t\t\t#gallery-1 .gallery-item {\n\t\t\t\tfloat: left;\n\t\t\t\tmargin-top: 10px;\n\t\t\t\ttext-align: center;\n\t\t\t\twidth: 33%;\n\t\t\t}\n\t\t\t#gallery-1 img {\n\t\t\t\tborder: 2px solid #cfcfcf;\n\t\t\t}\n\t\t\t#gallery-1 .gallery-caption {\n\t\t\t\tmargin-left: 0;\n\t\t\t}\n\t\t\t\/* see gallery_shortcode() in wp-includes\/media.php *\/\n\t\t<\/style>\n\t\t<div id='gallery-1' class='gallery galleryid-2149 gallery-columns-3 gallery-size-thumbnail'><dl class='gallery-item'>\n\t\t\t<dt class='gallery-icon landscape'>\n\t\t\t\t<a href='https:\/\/www.decinti.com\/en\/01-_mg_0234\/'><img loading=\"lazy\" decoding=\"async\" width=\"150\" height=\"99\" src=\"https:\/\/www.decinti.com\/wp-content\/uploads\/2013\/10\/01-_MG_0234-150x99.jpg\" class=\"attachment-thumbnail size-thumbnail\" alt=\"\" srcset=\"https:\/\/www.decinti.com\/wp-content\/uploads\/2013\/10\/01-_MG_0234-150x99.jpg 150w, https:\/\/www.decinti.com\/wp-content\/uploads\/2013\/10\/01-_MG_0234-800x532.jpg 800w, https:\/\/www.decinti.com\/wp-content\/uploads\/2013\/10\/01-_MG_0234.jpg 1200w\" sizes=\"(max-width: 150px) 100vw, 150px\" \/><\/a>\n\t\t\t<\/dt><\/dl><dl class='gallery-item'>\n\t\t\t<dt class='gallery-icon landscape'>\n\t\t\t\t<a href='https:\/\/www.decinti.com\/en\/02-_mg_0226\/'><img loading=\"lazy\" decoding=\"async\" width=\"150\" height=\"99\" src=\"https:\/\/www.decinti.com\/wp-content\/uploads\/2013\/10\/02-_MG_0226-150x99.jpg\" class=\"attachment-thumbnail size-thumbnail\" alt=\"\" srcset=\"https:\/\/www.decinti.com\/wp-content\/uploads\/2013\/10\/02-_MG_0226-150x99.jpg 150w, https:\/\/www.decinti.com\/wp-content\/uploads\/2013\/10\/02-_MG_0226-800x532.jpg 800w, https:\/\/www.decinti.com\/wp-content\/uploads\/2013\/10\/02-_MG_0226.jpg 1200w\" sizes=\"(max-width: 150px) 100vw, 150px\" \/><\/a>\n\t\t\t<\/dt><\/dl><dl class='gallery-item'>\n\t\t\t<dt class='gallery-icon landscape'>\n\t\t\t\t<a href='https:\/\/www.decinti.com\/en\/03-_mg_0271\/'><img loading=\"lazy\" decoding=\"async\" width=\"150\" height=\"100\" src=\"https:\/\/www.decinti.com\/wp-content\/uploads\/2013\/10\/03-_MG_0271-150x100.jpg\" class=\"attachment-thumbnail size-thumbnail\" alt=\"\" srcset=\"https:\/\/www.decinti.com\/wp-content\/uploads\/2013\/10\/03-_MG_0271-150x100.jpg 150w, https:\/\/www.decinti.com\/wp-content\/uploads\/2013\/10\/03-_MG_0271-800x533.jpg 800w, https:\/\/www.decinti.com\/wp-content\/uploads\/2013\/10\/03-_MG_0271.jpg 1200w\" sizes=\"(max-width: 150px) 100vw, 150px\" \/><\/a>\n\t\t\t<\/dt><\/dl><br style=\"clear: both\" \/><dl class='gallery-item'>\n\t\t\t<dt class='gallery-icon landscape'>\n\t\t\t\t<a href='https:\/\/www.decinti.com\/en\/04-_mg_0268\/'><img loading=\"lazy\" decoding=\"async\" width=\"150\" height=\"100\" src=\"https:\/\/www.decinti.com\/wp-content\/uploads\/2013\/10\/04-_MG_0268-150x100.jpg\" class=\"attachment-thumbnail size-thumbnail\" alt=\"\" srcset=\"https:\/\/www.decinti.com\/wp-content\/uploads\/2013\/10\/04-_MG_0268-150x100.jpg 150w, https:\/\/www.decinti.com\/wp-content\/uploads\/2013\/10\/04-_MG_0268-800x533.jpg 800w, https:\/\/www.decinti.com\/wp-content\/uploads\/2013\/10\/04-_MG_0268.jpg 1200w\" sizes=\"(max-width: 150px) 100vw, 150px\" \/><\/a>\n\t\t\t<\/dt><\/dl><dl class='gallery-item'>\n\t\t\t<dt class='gallery-icon landscape'>\n\t\t\t\t<a href='https:\/\/www.decinti.com\/en\/05-_mg_0259\/'><img loading=\"lazy\" decoding=\"async\" width=\"150\" height=\"100\" src=\"https:\/\/www.decinti.com\/wp-content\/uploads\/2013\/10\/05-_MG_0259-150x100.jpg\" class=\"attachment-thumbnail size-thumbnail\" alt=\"\" srcset=\"https:\/\/www.decinti.com\/wp-content\/uploads\/2013\/10\/05-_MG_0259-150x100.jpg 150w, https:\/\/www.decinti.com\/wp-content\/uploads\/2013\/10\/05-_MG_0259-800x533.jpg 800w, https:\/\/www.decinti.com\/wp-content\/uploads\/2013\/10\/05-_MG_0259.jpg 1200w\" sizes=\"(max-width: 150px) 100vw, 150px\" \/><\/a>\n\t\t\t<\/dt><\/dl><dl class='gallery-item'>\n\t\t\t<dt class='gallery-icon landscape'>\n\t\t\t\t<a href='https:\/\/www.decinti.com\/en\/07-_mg_0252\/'><img loading=\"lazy\" decoding=\"async\" width=\"150\" height=\"100\" src=\"https:\/\/www.decinti.com\/wp-content\/uploads\/2013\/10\/07-_MG_0252-150x100.jpg\" class=\"attachment-thumbnail size-thumbnail\" alt=\"\" srcset=\"https:\/\/www.decinti.com\/wp-content\/uploads\/2013\/10\/07-_MG_0252-150x100.jpg 150w, https:\/\/www.decinti.com\/wp-content\/uploads\/2013\/10\/07-_MG_0252-800x533.jpg 800w, https:\/\/www.decinti.com\/wp-content\/uploads\/2013\/10\/07-_MG_0252.jpg 1200w\" sizes=\"(max-width: 150px) 100vw, 150px\" \/><\/a>\n\t\t\t<\/dt><\/dl><br style=\"clear: both\" \/><dl class='gallery-item'>\n\t\t\t<dt class='gallery-icon landscape'>\n\t\t\t\t<a href='https:\/\/www.decinti.com\/en\/08-_mg_0064\/'><img loading=\"lazy\" decoding=\"async\" width=\"150\" height=\"100\" src=\"https:\/\/www.decinti.com\/wp-content\/uploads\/2013\/10\/08-_MG_0064-150x100.jpg\" class=\"attachment-thumbnail size-thumbnail\" alt=\"\" srcset=\"https:\/\/www.decinti.com\/wp-content\/uploads\/2013\/10\/08-_MG_0064-150x100.jpg 150w, https:\/\/www.decinti.com\/wp-content\/uploads\/2013\/10\/08-_MG_0064-800x533.jpg 800w, https:\/\/www.decinti.com\/wp-content\/uploads\/2013\/10\/08-_MG_0064.jpg 1200w\" sizes=\"(max-width: 150px) 100vw, 150px\" \/><\/a>\n\t\t\t<\/dt><\/dl><dl class='gallery-item'>\n\t\t\t<dt class='gallery-icon landscape'>\n\t\t\t\t<a href='https:\/\/www.decinti.com\/en\/09-_mg_0069\/'><img loading=\"lazy\" decoding=\"async\" width=\"150\" height=\"100\" src=\"https:\/\/www.decinti.com\/wp-content\/uploads\/2013\/10\/09-_MG_0069-150x100.jpg\" class=\"attachment-thumbnail size-thumbnail\" alt=\"\" srcset=\"https:\/\/www.decinti.com\/wp-content\/uploads\/2013\/10\/09-_MG_0069-150x100.jpg 150w, https:\/\/www.decinti.com\/wp-content\/uploads\/2013\/10\/09-_MG_0069-800x533.jpg 800w, https:\/\/www.decinti.com\/wp-content\/uploads\/2013\/10\/09-_MG_0069.jpg 1200w\" sizes=\"(max-width: 150px) 100vw, 150px\" \/><\/a>\n\t\t\t<\/dt><\/dl><dl class='gallery-item'>\n\t\t\t<dt class='gallery-icon landscape'>\n\t\t\t\t<a href='https:\/\/www.decinti.com\/en\/stolberger-burg\/'><img loading=\"lazy\" decoding=\"async\" width=\"150\" height=\"100\" src=\"https:\/\/www.decinti.com\/wp-content\/uploads\/2013\/10\/Stolberger-Burg-150x100.jpg\" class=\"attachment-thumbnail size-thumbnail\" alt=\"\" srcset=\"https:\/\/www.decinti.com\/wp-content\/uploads\/2013\/10\/Stolberger-Burg-150x100.jpg 150w, https:\/\/www.decinti.com\/wp-content\/uploads\/2013\/10\/Stolberger-Burg-800x535.jpg 800w, https:\/\/www.decinti.com\/wp-content\/uploads\/2013\/10\/Stolberger-Burg.jpg 1600w\" sizes=\"(max-width: 150px) 100vw, 150px\" \/><\/a>\n\t\t\t<\/dt><\/dl><br style=\"clear: both\" \/>\n\t\t<\/div>\n<\/p>\n<h1>Seltsames und Lebensechtes faszinieren<\/h1>\n<p>Von: Jule Klieser Letzte Aktualisierung: 14. Oktober 2014, 10:27 Uhr<\/p>\n<blockquote><p>STOLBERG. \u201eDas Narrenschiff\u201c ist derzeit in der Stolberger Burg in Form einer Gem\u00e4ldeausstellung unterwegs. Hildegard Nie\u00dfen, ehemalige stellvertretende B\u00fcrgermeisterin, er\u00f6ffnete die Schau von Arbeiten des K\u00fcnstlers Alejandro DeCinti in der Burggalerie am Wochenende.<\/p><\/blockquote>\n<div id=\"attachment_1329\" style=\"width: 431px\" class=\"wp-caption alignleft\"><img loading=\"lazy\" decoding=\"async\" aria-describedby=\"caption-attachment-1329\" class=\"wp-image-1329  \" alt=\"Sie sind im Leben und auf dem Gem\u00e4lde Freunde: der Kurator Rafael Ramirez Maro (l.) und der K\u00fcnstler Alejandro DeCinti, der einige seiner Gem\u00e4lde derzeit in der Burggalerie ausstellt. Foto: J. Klieser\" src=\"http:\/\/www.decinti.com\/wp-content\/uploads\/2015\/03\/image-1.jpg\" width=\"421\" height=\"237\" srcset=\"https:\/\/www.decinti.com\/wp-content\/uploads\/2015\/03\/image-1.jpg 540w, https:\/\/www.decinti.com\/wp-content\/uploads\/2015\/03\/image-1-150x84.jpg 150w\" sizes=\"(max-width: 421px) 100vw, 421px\" \/><p id=\"caption-attachment-1329\" class=\"wp-caption-text\">Sie sind im Leben und auf dem Gem\u00e4lde Freunde: der Kurator Rafael Ramirez Maro (l.) und der K\u00fcnstler Alejandro DeCinti, der einige seiner Gem\u00e4lde derzeit in der Burggalerie ausstellt. Foto: J. Klieser<\/p><\/div>\n<p>Die von skurriler Fantasie \u00fcberbordenden, teilweise gro\u00dfformatigen Bilder greifen Themen der mittelalterlichen Literaturvorlage auf, dem \u201eNarrenschiff\u201c von Sebastian Brant. Um menschliche Laster und Schw\u00e4chen geht es in diesem satirischen Werk, und Alejandro DeCinti transportiert diese bildgewaltig mit alter Maltechnik in die heutige Zeit. Intensiv und manchmal alptraumhaft wie Bilder der alten Meister wirken diese Gem\u00e4lde, und es ist nicht sicher, wie viel Ernst und wie viel Augenzwinkern der K\u00fcnstler hineingelegt hat. Sicherlich will er seine Familienangeh\u00f6rigen, deren Portr\u00e4ts in den Narrenschiff-Geschichten verewigt sind, weder dem Spott noch der Seelenschau preisgeben. Sich selbst nimmt der K\u00fcnstler jedoch auf die Schippe mit dem Bild \u201eSchiffbruch\u201c, auf dem sein Kopf in einem Boot \u00fcber einen st\u00fcrmischen Ozean treibt. Aus seinem Kopf, dem \u201eKopf eines gro\u00dfen Ego\u201c, w\u00e4chst ein kahler Baum mit Mensch im Ge\u00e4st. Das sind seine Hirngespinste, erkl\u00e4rt DeCinti. Das Meer sei Symbol f\u00fcr das Leben, das Schiff ist das Individuum. \u201eEin Mensch geht durch das Leben, manchmal ist es ein gutes, manchmal ein schlechtes Leben. Es nimmt kein gutes Ende, wenn man Dummheiten macht\u201c, erl\u00e4utert DeCinti seine Sicht auf die mittelalterliche Moralschrift und was davon auch heute gilt.<\/p>\n<h5>\u00dcbertriebene Darstellungen<\/h5>\n<p>Mit seinen Bildern m\u00f6chte er zum Nachdenken anregen. Wenn der Betrachter die zugrunde liegenden Geschichten kennt, kann das gelingen. Von einem Stein der Verr\u00fccktheit, der alles b\u00f6se macht, erz\u00e4hlt eine Legende. Im Bildnis einer liegenden Frau, die die Z\u00fcge von DeCintis Ehefrau tr\u00e4gt, kann ein Alchimist den fatalen Stein von ihr entfernen. Mit ziemlich eigenartigen Sujets und teilweise \u00fcbertriebenen Darstellungen ist der Betrachter also konfrontiert. Doch der Faszination des Seltsamen und dem starken, lebensechten Ausdruck der Figuren kann sich keiner entziehen. Von den vielen Preisen, Auszeichnungen und Projekten des K\u00fcnstlers, der in 1973 Chile geboren wurde und heute in Spanien lebt, berichtete Luis Alvarez, ehemaliger Prokurist und Werksleiter von KME, in seiner Ansprache bei der Ausstellungser\u00f6ffnung. Er beschrieb DeCinti als einen herausragenden Vertreter des zeitgen\u00f6ssischen spanischen Realismus. Alvarez: \u201eDie Visionen des K\u00fcnstlers bekommen mit Hilfe von Licht, Farben und Formen eine neue Realit\u00e4t.\u201c Seltsames und Lebensechtes faszinieren &#8211; Lesen Sie mehr auf: http:\/\/www.aachener-zeitung.de\/lokales\/stolberg\/seltsames-und-lebensechtes-faszinieren-1.936386#plx690824658<\/p>\n<h1>Bilderzyklus zu mittelalterlicher Moralsatire<\/h1>\n<blockquote><p>Maler Alejandro Decinti stellt im Rahmen der artibus-ausstellungsreihe in der Burg-Galerie aus<\/p><\/blockquote>\n<p>STOLBERG.\u00a0Nachdem sich Kurator\u00a0und K\u00fcnstler Rafael Ram\u00edrez M\u00e1ro\u00a0in der ersten Artibus-Ausstellung\u00a0mit malerischen Mitteln der literarischen Vorlage \u201eLa Celestina\u201c gewidmet\u00a0hat, schlie\u00dft sich mit der\u00a0letzten 2014er Artibus-Schau der\u00a0Kreis. Der in Madrid lebende chilenische\u00a0K\u00fcnstler mit italienischen\u00a0Wurzeln Alejandro DeCinti lie\u00df\u00a0sich f\u00fcr einen umfangreichen Bilderzyklus\u00a0ebenfalls von der Literatur\u00a0inspirieren, und seine Werke\u00a0sind ab Sonntag, 12. Oktober, in\u00a0der Burg-Galerie zu sehen. DeCinti\u00a0nimmt \u201eDas Narrenschiff\u201c als\u00a0Grundlage seiner eindrucksvollen\u00a0Serie. Sebastian Brants sp\u00e4tmittelalterliche\u00a0Moralsatire wurde 1494\u00a0erstmals gedruckt.<\/p>\n<div id=\"attachment_1133\" style=\"width: 371px\" class=\"wp-caption alignleft\"><a title=\"Ciclo Nave de Necios\" href=\"http:\/\/www.decinti.com\/obra\/ciclo-nave-de-necios\/\"><img loading=\"lazy\" decoding=\"async\" aria-describedby=\"caption-attachment-1133\" class=\" wp-image-1133 \" alt=\"decinti\" src=\"http:\/\/www.decinti.com\/wp-content\/uploads\/2014\/10\/1-11-Naufragio-2014-150-x-160cm.jpg\" width=\"361\" height=\"384\" srcset=\"https:\/\/www.decinti.com\/wp-content\/uploads\/2014\/10\/1-11-Naufragio-2014-150-x-160cm.jpg 601w, https:\/\/www.decinti.com\/wp-content\/uploads\/2014\/10\/1-11-Naufragio-2014-150-x-160cm-140x150.jpg 140w\" sizes=\"(max-width: 361px) 100vw, 361px\" \/><\/a><p id=\"caption-attachment-1133\" class=\"wp-caption-text\">Mit faszinierendenWerken widmet alejandro DeCinti sich in der n\u00e4chsten artibus-kunstausstellung in der stolberger Burg der literarischen Vorlage \u201eDas Narrenschiff\u201c. Foto: Veranstalter<\/p><\/div>\n<p>Drei Jahre sp\u00e4ter erfolgte die\u00a0\u00dcbersetzung ins Lateinische und\u00a0darauf in verschiedene Landessprachen,\u00a0so dass das erfolgreichste\u00a0deutschsprachige Buch vor der Reformation\u00a0in ganz Europa Verbreitung\u00a0fand. Brant h\u00e4lt\u00a0im \u201eNarrenschiff\u201c der Gesellschaft den Spiegel vor, zeigt mittels \u00dcbertreibung und Karikatur die menschlichen Schw\u00e4chen auf, kritisiert den vorherrschenden Zeitgeist. Diese Kritik des Humanisten Sebastian Brant bez\u00fcglichLaster undDummheit der Menschen \u00fcbertr\u00e4gt Alejandro DeCinti \u00e4u\u00dferst kunstvoll in seine Werke. Der Maler hinterfragt das menschliche Naturell psychologisch etwa mit intimen Einblicken in das Allt\u00e4gliche. F\u00fcr die in der Burg-Galerie gezeigten gro\u00df- und mittelformatigen Exponate bedient Decinti sich der altmeisterlichen Technik des \u201eChiaroscuro\u201c \u2013 der in der Sp\u00e4trenaissance und im Barock entwickelten Hell-Dunkel-Malerei. DeCinti schl\u00e4gt die Br\u00fccke von der mittelalterlichen Literaturvorlage \u00fcber Malstil von Renaissance und Barock bis hin zur Moderne. Seine Bilder weisen eine tiefe Anziehungskraft auf, sie vereinen nicht nur verschiedene Epochen sondern sind zeitlos wie anscheinendmanche menschliche Fehlbarkeiten. Der Schiffbruch ist die Metapher f\u00fcr die widerspr\u00fcchliche bis absurde Existenz des Menschen in dem von der Menschheit selbst geschaffenen Kontext. Das Scheitern ist vorprogrammiert wie abwendbar gleicherma\u00dfen, das Problem und die L\u00f6sung sind identisch: der Mensch. Vor der Er\u00f6ffnung der Ausstellung im Rahmen des st\u00e4dtischen Kulturprogramms findet ebenfalls im Wahrzeichen der Kupferstadt ein klassisches Konzert statt: Anne- Sophie Lamaire (Violine) und Rafael Theissen (Piano) intonieren am Nachmittag im Rittersaal anl\u00e4sslich des spanischen Nationalfeiertags Sonaten f\u00fcr Violine und Klavier, bevor am fr\u00fchen Abend die Vernissage zu der Artibus- Schau \u201eDas Narrenschiff\u201c mit den Werken von DeCinti in der Burg- Galerie beginnt.<\/p>\n<p style=\"text-align: right;\">(dim)<\/p>\n<p>Die Vernissage der artibus-ausstellung \u201eDas Narrenschiff\u201c mit Werken von Alejandro DeCinti beginnt am sonntag, 12. oktober, um 18 Uhr in der Burg-Galerie, Faches-Thumesnil- Platz. Die ausstellung ist bis einschlie\u00dflich sonntag, 9. November, bei freiem eintritt zu sehen. \u00d6ffnungszeiten der Burg-Galerie: dienstags bis freitags von 14 bis 18 Uhr, samstags und sonntags von 11 bis 19 Uhr. Ein Konzert mit sonaten f\u00fcr Violine und klavier anl\u00e4sslich des spanischen Nationalfeiertags pr\u00e4sentieren vor der er\u00f6ffnung der kunstausstellung anne-sophie Lamaire (Violine) und Rafael Theissen (Piano) um 16 Uhr im Rittersaal der Burg. <img loading=\"lazy\" decoding=\"async\" class=\"alignnone size-full wp-image-1129\" alt=\"1-dahmen-artibus\" src=\"http:\/\/www.decinti.com\/wp-content\/uploads\/2014\/10\/1-dahmen-artibus-e1472214509803.jpg\" width=\"1104\" height=\"388\" srcset=\"https:\/\/www.decinti.com\/wp-content\/uploads\/2014\/10\/1-dahmen-artibus-e1472214509803.jpg 1104w, https:\/\/www.decinti.com\/wp-content\/uploads\/2014\/10\/1-dahmen-artibus-e1472214509803-150x52.jpg 150w, https:\/\/www.decinti.com\/wp-content\/uploads\/2014\/10\/1-dahmen-artibus-e1472214509803-800x281.jpg 800w\" sizes=\"(max-width: 1104px) 100vw, 1104px\" \/><\/p>\n","protected":false},"excerpt":{"rendered":"<p>Del 12 Octubre al 9 Noviembre de 2014 Obras pertenecientes a los ciclos:\u00a0\u201cNave de Necios\u201d Seltsames und Lebensechtes faszinieren Von: Jule Klieser Letzte Aktualisierung: 14. Oktober 2014, 10:27 Uhr STOLBERG. \u201eDas Narrenschiff\u201c ist derzeit in der Stolberger Burg in Form einer Gem\u00e4ldeausstellung unterwegs. Hildegard Nie\u00dfen, ehemalige stellvertretende B\u00fcrgermeisterin, er\u00f6ffnete die Schau von Arbeiten des K\u00fcnstlers [&#8230;]<\/p>\n","protected":false},"author":1,"featured_media":2151,"comment_status":"closed","ping_status":"closed","sticky":false,"template":"","format":"standard","meta":{"_acf_changed":false,"_jetpack_memberships_contains_paid_content":false,"footnotes":""},"categories":[8,5],"tags":[],"acf":[],"jetpack_sharing_enabled":true,"jetpack_featured_media_url":"https:\/\/www.decinti.com\/wp-content\/uploads\/2016\/08\/Botschaft_Chile_Einladung_DeCinti_ANSICHT_03_P\u00e1gina_11.jpg","_links":{"self":[{"href":"https:\/\/www.decinti.com\/en\/wp-json\/wp\/v2\/posts\/2149"}],"collection":[{"href":"https:\/\/www.decinti.com\/en\/wp-json\/wp\/v2\/posts"}],"about":[{"href":"https:\/\/www.decinti.com\/en\/wp-json\/wp\/v2\/types\/post"}],"author":[{"embeddable":true,"href":"https:\/\/www.decinti.com\/en\/wp-json\/wp\/v2\/users\/1"}],"replies":[{"embeddable":true,"href":"https:\/\/www.decinti.com\/en\/wp-json\/wp\/v2\/comments?post=2149"}],"version-history":[{"count":0,"href":"https:\/\/www.decinti.com\/en\/wp-json\/wp\/v2\/posts\/2149\/revisions"}],"wp:featuredmedia":[{"embeddable":true,"href":"https:\/\/www.decinti.com\/en\/wp-json\/wp\/v2\/media\/2151"}],"wp:attachment":[{"href":"https:\/\/www.decinti.com\/en\/wp-json\/wp\/v2\/media?parent=2149"}],"wp:term":[{"taxonomy":"category","embeddable":true,"href":"https:\/\/www.decinti.com\/en\/wp-json\/wp\/v2\/categories?post=2149"},{"taxonomy":"post_tag","embeddable":true,"href":"https:\/\/www.decinti.com\/en\/wp-json\/wp\/v2\/tags?post=2149"}],"curies":[{"name":"wp","href":"https:\/\/api.w.org\/{rel}","templated":true}]}}