{"id":2394,"date":"2016-11-27T21:16:08","date_gmt":"2016-11-27T21:16:08","guid":{"rendered":"http:\/\/www.decinti.com\/?p=2394"},"modified":"2017-09-08T10:49:47","modified_gmt":"2017-09-08T10:49:47","slug":"art-open-schone-momente-voll-beruhrender-magie","status":"publish","type":"post","link":"https:\/\/www.decinti.com\/en\/art-open-schone-momente-voll-beruhrender-magie\/","title":{"rendered":"Art Open: Sch\u00f6ne Momente voll ber\u00fchrender Magie"},"content":{"rendered":"<div id=\"attachment_2398\" style=\"width: 334px\" class=\"wp-caption alignright\"><img loading=\"lazy\" decoding=\"async\" aria-describedby=\"caption-attachment-2398\" class=\" wp-image-2398    \" alt=\"Er\u00f6ffnung vor zahlreichen K\u00fcnstlern und Kunstinteressierten im Ratssaal des Rathauses: \u201eKulturmacher\u201c Max Krieger gab am Samstagvormittag den Startschuss zur Art Open. Foto: Andreas R\u00f6chter\" src=\"http:\/\/www.decinti.com\/wp-content\/uploads\/2016\/11\/image.jpg\" width=\"324\" height=\"182\" srcset=\"https:\/\/www.decinti.com\/wp-content\/uploads\/2016\/11\/image.jpg 540w, https:\/\/www.decinti.com\/wp-content\/uploads\/2016\/11\/image-150x84.jpg 150w\" sizes=\"(max-width: 324px) 100vw, 324px\" \/><p id=\"caption-attachment-2398\" class=\"wp-caption-text\">Er\u00f6ffnung vor zahlreichen K\u00fcnstlern und Kunstinteressierten im Ratssaal des Rathauses: \u201eKulturmacher\u201c Max Krieger gab am Samstagvormittag den Startschuss zur Art Open. Foto: Andreas R\u00f6chter<\/p><\/div>\n<h4>\u00a0ESCHWEILER.Mehr als 80 K\u00fcnstler, 34 Kunstorte und f\u00fcnf Sonderprojekte: Die Art Open ist seit ihrer Premiere vor inzwischen 14 Jahren zu einem Kunstfestival der Superlative angewachsen. So sehr, dass selbst Initiator und \u201eMacher\u201c Max Krieger ein ganz klein wenig den \u00dcberblick verliert.<\/h4>\n<p>Aachener Zeitung, 27. November 2016<\/p>\n<p style=\"text-align: right;\">Von: Andreas R\u00f6chter<\/p>\n<p>\u201eWie viele K\u00fcnstler nun ganz genau dabei sind? Irgendwann habe ich aufgeh\u00f6rt zu z\u00e4hlen\u201c, bekannte der Kulturmanager, bevor er am Samstagvormittag im von K\u00fcnstlern und zahlreichen Kunstinteressierten bev\u00f6lkerten Ratssaal des Rathauses den Reigen von Ausstellungen und vielen weiteren Projekten er\u00f6ffnete, deren Strahlkraft weit \u00fcber die Stadt an der Inde hinausreichen. Nicht umsonst lauteten Ziel und \u201eUntertitel\u201c der Art Open, den Besuchern \u201eEinblicke in die Eschweiler Kunstszene und die Euregio Maas-Rhein\u201c zu gew\u00e4hren. Denn bei allen vorhandenen St\u00f6rfeuern sollten wir nicht vergessen, dass auch in dieser Region seit mehr als 70 Jahren Frieden herrscht\u201c, unterstrich B\u00fcrgermeister Rudi Bertram w\u00e4hrend seines kurzen Gru\u00dfwortes die Dimensionen von Kunst, um seine Ausf\u00fchrungen mit einem Versprechen zu beschlie\u00dfen. \u201eMit mir wird es auch in Zukunft die Art Open geben. In dieser Hinsicht lasse ich mich von niemandem beirren\u201c, erntete er spontanen Applaus.\u201eHier werden grenz\u00fcberschreitende Arbeiten pr\u00e4sentiert. Und ich bin davon \u00fcberzeugt, dass dies noch nie so wichtig war wie heute. Wir senden damit ein Signal in die gesamte Region hinaus, das lautet: Kunst zu produzieren und sie zu zeigen, l\u00e4dt zu Gespr\u00e4chen, zur Kommunikation \u00fcber L\u00e4ndergrenzen hinweg ein. Dieter Kamp lie\u00df als Gesch\u00e4ftsf\u00fchrer des St\u00e4dtischen<\/p>\n<div id=\"attachment_2402\" style=\"width: 160px\" class=\"wp-caption alignleft\"><img loading=\"lazy\" decoding=\"async\" aria-describedby=\"caption-attachment-2402\" class=\"size-thumbnail wp-image-2402 \" alt=\"image (2)\" src=\"http:\/\/www.decinti.com\/wp-content\/uploads\/2016\/11\/image-2-150x84.jpg\" width=\"150\" height=\"84\" srcset=\"https:\/\/www.decinti.com\/wp-content\/uploads\/2016\/11\/image-2-150x84.jpg 150w, https:\/\/www.decinti.com\/wp-content\/uploads\/2016\/11\/image-2.jpg 540w\" sizes=\"(max-width: 150px) 100vw, 150px\" \/><p id=\"caption-attachment-2402\" class=\"wp-caption-text\">F\u00fcr den guten Ton bei der Er\u00f6ffnung sorgte das Mario-Triska-Trio.<\/p><\/div>\n<p>Wasserwerkes Eschweiler, das die Art Open finanziell unterst\u00fctzt, ebenfalls keinen Zweifel an der gesellschaftlichen Bedeutung kulturellen Lebens\u00a0aufkommen. \u201eKunst und Kultur sind ein wichtiger Teil der Daseinsf\u00fcrsorge.\u201c Max Krieger stellte wie seine Vorredner die v\u00f6lkerverbindende Kraft der Kunst in den Mittelpunkt seiner Rede. So verwies er auf die Fotoausstellung \u201eSt\u00e4dtepartnerschaft im Strukturwandel\u201c, die Eindr\u00fccke aus der brasilianischen Stadt Alta Floresta vermittelte, mit deren Vertretern sich die Indestadt in Gespr\u00e4chen \u00fcber Kooperationsm\u00f6glichkeiten befindet. Dar\u00fcber hinaus machte er auf das Projekt \u201eFantasia\u201c aufmerksam, f\u00fcr das unter anderem der K\u00fcnstler Alejandro DeCinti den Weg aus der spanischen Hauptstadt Madrid nach Eschweiler fand. \u201eK\u00fcnstler wie Wolfgang Binding oder Jana Rusch haben fantastische Visionen der Welt entworfen\u201c, machte Max Krieger den Kunstneugierigen den Mund w\u00e4ssrig.<\/p>\n<h3>Kindern Hoffnung schenken<\/h3>\n<div id=\"attachment_2400\" style=\"width: 160px\" class=\"wp-caption alignleft\"><img loading=\"lazy\" decoding=\"async\" aria-describedby=\"caption-attachment-2400\" class=\"size-thumbnail wp-image-2400  \" alt=\"\u201eMiss Universe Germany\u201c, die Indest\u00e4dterin Johanna Acs, warb gemeinsam mit Kulturmanager Max Krieger f\u00fcr ihr Projekt \u201eHealing Art\u201c, das eine Schule in Burkina Faso unterst\u00fctzt.\" src=\"http:\/\/www.decinti.com\/wp-content\/uploads\/2016\/11\/image-1-150x84.jpg\" width=\"150\" height=\"84\" srcset=\"https:\/\/www.decinti.com\/wp-content\/uploads\/2016\/11\/image-1-150x84.jpg 150w, https:\/\/www.decinti.com\/wp-content\/uploads\/2016\/11\/image-1.jpg 540w\" sizes=\"(max-width: 150px) 100vw, 150px\" \/><p id=\"caption-attachment-2400\" class=\"wp-caption-text\">\u201eMiss Universe Germany\u201c, die Indest\u00e4dterin Johanna Acs, warb gemeinsam mit Kulturmanager Max Krieger f\u00fcr ihr Projekt \u201eHealing Art\u201c, das eine Schule in Burkina Faso unterst\u00fctzt.<\/p><\/div>\n<p>Vom Talent des K\u00fcnstlernachwuchses konnten sich die Ausstellungsbesucher im Raum 2 des Rathauses \u00fcberzeugen, wo die Werke der Preistr\u00e4gerinnen des Eschweiler Kunstf\u00f6rderpreises 2016 zu bestaunen waren. Bereits im Oktober hatte die Jury die Arbeiten der Sch\u00fclerinnen Bintu Benson (1. Preis), Anne Upadek (2. Preis), Sophie P\u00fctz (3. Preis) und Sara Thieg (Sonderpreis) gew\u00fcrdigt. Bevor sich die zahlreichen Kulturfreunde auf den Weg machten, die ganze Bandbreite an Kunstwerken, die die Art Open f\u00fcr sie bereithielt, zu erkunden, erhielt Johanna Acs das Wort. Die amtierende \u201eMiss Universe Germany\u201c stellte ihr Hilfsprojekt \u201eHealing Art\u201c vor, mit dem sie eine Schule im afrikanischen Burkina Faso unterst\u00fctzt. \u201eMein Ziel ist es, den Kindern dort Hoffnung und Lebensfreude zu schenken\u201c, so die Indest\u00e4dterin. Der aus dem Losverkauf f\u00fcr eine zu gewinnende Kunstreise resultierende \u00dcberschuss wird der Initiative zugutekommen. Was auf die Er\u00f6ffnung folgte, war eine einzigartige Kunstschau, die in ihrer Vielfalt auch f\u00fcr emotionale, geradezu magische Momente sorgte und ungez\u00e4hlte faszinierte Zuschauer in ihren Bann zog.\u00a0Das war insbesondere am Samstagabend auf dem fantastisch illuminierten Marktplatz zu erleben, wo nicht nur farbige Strahler und Laser, sondern vor allem die mit Hilfe von f\u00fcnf Puppenspielern geradezu lebensecht agierende, mehrere Meter hohe Dundu-Puppe bei Klein und Gro\u00df f\u00fcr Begeisterung und unvergessliche Eindr\u00fccke sorgte.<\/p>\n","protected":false},"excerpt":{"rendered":"<p>\u00a0ESCHWEILER.Mehr als 80 K\u00fcnstler, 34 Kunstorte und f\u00fcnf Sonderprojekte: Die Art Open ist seit ihrer Premiere vor inzwischen 14 Jahren zu einem Kunstfestival der Superlative angewachsen. So sehr, dass selbst Initiator und \u201eMacher\u201c Max Krieger ein ganz klein wenig den \u00dcberblick verliert. Aachener Zeitung, 27. November 2016 Von: Andreas R\u00f6chter \u201eWie viele K\u00fcnstler nun ganz [&#8230;]<\/p>\n","protected":false},"author":1,"featured_media":2398,"comment_status":"closed","ping_status":"closed","sticky":false,"template":"","format":"standard","meta":{"_acf_changed":false,"_jetpack_memberships_contains_paid_content":false,"footnotes":""},"categories":[5],"tags":[],"acf":[],"jetpack_sharing_enabled":true,"jetpack_featured_media_url":"https:\/\/www.decinti.com\/wp-content\/uploads\/2016\/11\/image.jpg","_links":{"self":[{"href":"https:\/\/www.decinti.com\/en\/wp-json\/wp\/v2\/posts\/2394"}],"collection":[{"href":"https:\/\/www.decinti.com\/en\/wp-json\/wp\/v2\/posts"}],"about":[{"href":"https:\/\/www.decinti.com\/en\/wp-json\/wp\/v2\/types\/post"}],"author":[{"embeddable":true,"href":"https:\/\/www.decinti.com\/en\/wp-json\/wp\/v2\/users\/1"}],"replies":[{"embeddable":true,"href":"https:\/\/www.decinti.com\/en\/wp-json\/wp\/v2\/comments?post=2394"}],"version-history":[{"count":0,"href":"https:\/\/www.decinti.com\/en\/wp-json\/wp\/v2\/posts\/2394\/revisions"}],"wp:featuredmedia":[{"embeddable":true,"href":"https:\/\/www.decinti.com\/en\/wp-json\/wp\/v2\/media\/2398"}],"wp:attachment":[{"href":"https:\/\/www.decinti.com\/en\/wp-json\/wp\/v2\/media?parent=2394"}],"wp:term":[{"taxonomy":"category","embeddable":true,"href":"https:\/\/www.decinti.com\/en\/wp-json\/wp\/v2\/categories?post=2394"},{"taxonomy":"post_tag","embeddable":true,"href":"https:\/\/www.decinti.com\/en\/wp-json\/wp\/v2\/tags?post=2394"}],"curies":[{"name":"wp","href":"https:\/\/api.w.org\/{rel}","templated":true}]}}