{"id":2415,"date":"2016-11-04T21:40:41","date_gmt":"2016-11-04T21:40:41","guid":{"rendered":"http:\/\/www.decinti.com\/?p=2415"},"modified":"2017-09-08T10:49:47","modified_gmt":"2017-09-08T10:49:47","slug":"art-open-lockt-kunstkenner-nach-eschweiler","status":"publish","type":"post","link":"https:\/\/www.decinti.com\/en\/art-open-lockt-kunstkenner-nach-eschweiler\/","title":{"rendered":"Art Open lockt Kunstkenner nach Eschweiler"},"content":{"rendered":"<h4>ESCHWEILER. Die Kunstszene blickt in drei Wochen auf die Indestadt. Dort finden am 26. und 27. November die Art Open statt. 80 K\u00fcnstler aus Eschweiler und aus der Region haben ihre Teilnahme zugesagt. Mit Unterst\u00fctzung auch von Rafael Ramirez M\u00e1ro gelingt es Kulturmanager Max Krieger, einen breiten Bogen bis in die Euregio Maas-Rhein zu spannen. Denn nicht nur die Eschweiler Kunstszene stellt sich an diesem Wochenende vor, sondern namhafte K\u00fcnstler aus der gesamten Region sind an der alle zwei Jahre stattfindenden Ausstellungsserie vertreten.<\/h4>\n<p style=\"text-align: right;\">Von: Patrick Nowicki<\/p>\n<p><div id=\"attachment_2427\" style=\"width: 550px\" class=\"wp-caption alignright\"><img loading=\"lazy\" decoding=\"async\" aria-describedby=\"caption-attachment-2427\" src=\"http:\/\/www.decinti.com\/wp-content\/uploads\/2016\/11\/image-3.jpg\" alt=\"Freuen sich auf die Art Open in drei Wochen: die Teilnehmer, Organisatoren und Sponsoren. Kulturmanager Max Krieger und Rafael Ramirez M\u00e1ro (von links) haben namhafte K\u00fcnstler f\u00fcr das Ausstellungswochenende in der Eschweiler Innenstadt gewinnen k\u00f6nnen. Foto: Patrick Nowicki Art Open lockt Kunstkenner nach Eschweiler - Lesen Sie mehr auf: http:\/\/www.aachener-zeitung.de\/lokales\/eschweiler\/art-open-lockt-kunstkenner-nach-eschweiler-1.1483579#plx1885188228\" width=\"540\" height=\"304\" class=\"size-full wp-image-2427\" srcset=\"https:\/\/www.decinti.com\/wp-content\/uploads\/2016\/11\/image-3.jpg 540w, https:\/\/www.decinti.com\/wp-content\/uploads\/2016\/11\/image-3-150x84.jpg 150w\" sizes=\"(max-width: 540px) 100vw, 540px\" \/><p id=\"caption-attachment-2427\" class=\"wp-caption-text\">Freuen sich auf die Art Open in drei Wochen: die Teilnehmer, Organisatoren und Sponsoren. Kulturmanager Max Krieger und Rafael Ramirez M\u00e1ro (von links) haben namhafte K\u00fcnstler f\u00fcr das Ausstellungswochenende in der Eschweiler Innenstadt gewinnen k\u00f6nnen. Foto: Patrick Nowicki<br \/>Art Open lockt Kunstkenner nach Eschweiler &#8211; Lesen Sie mehr auf:<br \/>http:\/\/www.aachener-zeitung.de\/lokales\/eschweiler\/art-open-lockt-kunstkenner-nach-eschweiler-1.1483579#plx1885188228<\/p><\/div>Zwischen Raiffeisen-Bank in der Franzstra\u00dfe und Rathaus k\u00f6nnen Interessierte an zwei Tagen 34 Stationen abschreiten. \u201eDie Ausstellungsr\u00e4ume sind als problemlos zu Fu\u00df zu erreichen\u201c, freut sich Max Krieger bei der Pr\u00e4sentation des Programms im Ratssaal. Dort, wo sich am Donnerstagabend die Organisatoren, Sponsoren und K\u00fcnstler trafen, wird in drei Wochen eines der Sonderprojekte seine Blicke auf sich ziehen. Unter dem Titel \u201eFantasia\u201c schufen Alejandro DeCinti, Rafael Ramirez M\u00e1ro und Antonio M\u00e1ro gro\u00dfformatige, imposante Werke, die Ovids \u201eMetamorphosen\u201c thematisieren. Die Bilder waren unter anderem schon in Rom und Berlin zu sehen.<\/p>\n<p>F\u00fcr eine weitere kulturelle Besonderheit zeichnen zwei in Eschweiler ans\u00e4ssige K\u00fcnstler verantwortlich: Alexander G\u00f6ttmann und Gerda Zuleger-Mertens. In der Schalterhalle der Raiffeisen-Bank steht die Frage im Raum \u201eSpielst Du mit&#8230;?\u201c Gezeigt werden Skulpturen und Bilder zum Thema Schach. Aber das Spiel liefert nur die Grundlage f\u00fcr tiefer gehende Fragen, wie Gerda Zuleger-Mertens erl\u00e4utert: \u201eAlles steht vor dem Hintergrund, wer wir sind: Sind wir eine Figur in einem Spiel und, wenn ja, welche? Sind wir K\u00f6nig oder Bauernopfer?\u201c <\/p>\n<p>Auf dem Flur des Rathauses pr\u00e4sentiert sich im Rahmen der Art Open die brasilianische Stadt Alta Floresta. Hinter den Kulissen kn\u00fcpfen die Verwaltungen zarte Bande, die vielleicht einmal in eine St\u00e4dtepartnerschaft m\u00fcnden. Fotos zeigen die landschaftliche Sch\u00f6nheit der \u00fcber 45000 Einwohner z\u00e4hlenden Stadt im Amazonas-Gebiet. Der Tourismus ist die wichtigste wirtschaftliche Einnahmequelle, weshalb die Stadt auch \u00fcber einen eigenen Flughafen verf\u00fcgt. Organisator Max Krieger, der als Honorarkonsul beste Kontakte nach Brasilien pflegt, lud schon vor zwei Jahren eine Reihe brasilianischer K\u00fcnstler nach Eschweiler ein, die im Rahmen des damaligen Art Open ihre Kunstwerke zeigten. Diesmal bleibt es bei einer Fotoserie unter dem Titel \u201eSt\u00e4dtepartnerschaft im Strukturwandel\u201c. <\/p>\n<p>So bunt die Vielfalt der Werke, so bunt ist auch das kulturelle Angebot an diesem Wochenende: In der Pfarrkirche St. Peter und Paul laden die Indesingers zum \u201eMitmachkonzert\u201c ein. Jeder kann also zum Instrument greifen und sich an der Veranstaltung am Sonntag, 27. November, ab 16 Uhr beteiligen. Allerdings sollte man sich vorher anmelden. Bis zum 13. November ist die im Pfarrb\u00fcro der Gemeinde, D\u00fcrener Stra\u00dfe 29, unter Telefon 26097 m\u00f6glich. Dort k\u00f6nnen auch die Noten abgeholt werden. Weitere Infos unter: www.eschweiler-kirche.de. <\/p>\n<p>W\u00e4hrend die Eltern von Gem\u00e4lde zu Gem\u00e4lde lustwandeln, m\u00fcssen sich die Kinder nicht langweilen. Im City-Center verwandelt sich an dem Art-Open-Sonntag ein Gesch\u00e4ftslokal in eine Fantasiewelt. Dort werden um 14, 15 und 16 Uhr M\u00e4rchen f\u00fcr Kinder im Alter ab vier Jahren von einer professionellen Erz\u00e4hlerin vorgetragen. Auch dies erfolgt, wie alle Angebote im Rahmen des Kulturereignisses bei freiem Eintritt. <\/p>\n<p>Als Schirmherr und B\u00fcrgermeister freut sich Rudi Bertram auf das letzte Wochenende im November. \u201eIch habe bei den vergangenen Ausgaben der Art Open sehr viel positive Resonanz erfahren\u201c, berichtet er. Er habe gesp\u00fcrt, dass diese Veranstaltungsreihe zahlreiche Menschen in der Region interessiere und somit weit \u00fcber Eschweilers Grenzen hinaus strahle. <\/p>\n<p>Finanziert werden die Art Open von einer kommunalen Tochtergesellschaft, vom St\u00e4dtischen Wasserwerk Eschweiler. \u201eIn einer Zeit, in der viele nur noch am Handy sitzen, ist es sch\u00f6n, dass man Kunst hautnah erleben kann\u201c, sagt Gesch\u00e4ftsf\u00fchrer Dieter Kamp. Auch er habe bei den vergangenen Auflagen der Kulturveranstaltung den Eindruck gewonnen, dass dieses Ereignis viele Interessierte in die Stadt ziehe. \u201eKein Zweifel, die Art Open haben eine positive Au\u00dfenwirkung f\u00fcr die Stadt\u201c, meint er. <\/p>\n<p>Davon soll man sich auch sp\u00e4ter noch \u00fcberzeugen k\u00f6nnen. Wie vor zwei Jahren soll ein Film entstehen, der die Stimmung und das Flair w\u00e4hrend der Veranstaltung wie auf einem Rundgang einf\u00e4ngt. Dazu will Kulturmanager Max Krieger m\u00e4chtig die Werbetrommel r\u00fchren. In drei Sprachen, um viele Menschen in der Euregio Maas-Rhein zu erreichen. <\/p>\n<p>Bekannte Namen spielen zwar eine wichtige Rolle bei den Art Open, aber auch zahlreiche Eschweiler K\u00fcnstler beteiligen sich daran, dass die Indestadt f\u00fcr zwei Tage zum Mekka Kunstinteressierter wird. Dazu z\u00e4hlen Akteure wie Rolf Klotz und Chris Poethke, die bereits bei der ersten Auflage der Art Open mit von der Partie waren. Es sind jedoch auch Kunstschaffende vertreten, die bisher nicht beteiligt waren. Sie alle symbolisieren, dass die Kunstszene in Eschweiler bunt und vielf\u00e4ltig ist. <\/p>\n<p>Dass eine Veranstaltungsserie in Eschweiler dauerhaft Erfolge feiern kann, unterstreicht bei den Art Open \u2013 nat\u00fcrlich \u2013 eine Ausstellung: Sie zeigt Bilder des Music Festivals, das seit 25 Jahren besteht.<\/p>\n<blockquote><p><strong>INSGESAMT 34 STATIONEN VOM RATHAUS BIS ZUR FRANZSTRASSE<\/strong> Der Auftakt der Art Open findet am 26. November um 10.30 Uhr im Ratssaal statt. Zu dieser Gelegenheit werden auch die Gewinner des Eschweiler Kunstf\u00f6rderpreises, Bintu Benson, Anna Upadek, Sophie P\u00fctz und Sara Thieg, ausgezeichnet, deren Werke im Raum 2 zu sehen sind. Der Ausklang ist f\u00fcr den Sonntag, 27. November, um 18.30 Uhr ebenfalls im Ratssaal vorgesehen. Zum Abschluss spielt nicht nur eine Live-Band, sondern es findet auch eine Verlosung statt, bei der man eine Kunstreise f\u00fcr zwei Personen gewinnen kann. Das Eschweiler Rathaus ist auch eine der zentralen Ausstellungsst\u00e4tten. Neues Leben kommt an den beiden Ausstellungstagen in 20 Ladenlokale des City-Centers: Sie werden f\u00fcr 48 Stunden zu Galerien, die Kunstinteressierte aus der ganzen Region anlocken. Weitere Veranstaltungsorte sind das Restaurant \u201eDer Grieche\u201c, das RIO in der Schnellengasse, der Marktplatz, die St.-Peter-und-Paul-Kirche, Norri Heinen und das Fotohaus Averdung-H\u00e4fner in der Neustra\u00dfe, die Dreieinigkeitskirche in der Moltkestra\u00dfe und die Raiffeisen-Bank in der Franzstra\u00dfe.<\/p><\/blockquote>\n<p>&nbsp;<\/p>\n","protected":false},"excerpt":{"rendered":"<p>ESCHWEILER. Die Kunstszene blickt in drei Wochen auf die Indestadt. Dort finden am 26. und 27. November die Art Open statt. 80 K\u00fcnstler aus Eschweiler und aus der Region haben ihre Teilnahme zugesagt. Mit Unterst\u00fctzung auch von Rafael Ramirez M\u00e1ro gelingt es Kulturmanager Max Krieger, einen breiten Bogen bis in die Euregio Maas-Rhein zu spannen. [&#8230;]<\/p>\n","protected":false},"author":1,"featured_media":2427,"comment_status":"closed","ping_status":"closed","sticky":false,"template":"","format":"standard","meta":{"_acf_changed":false,"_jetpack_memberships_contains_paid_content":false,"footnotes":""},"categories":[5],"tags":[],"acf":[],"jetpack_sharing_enabled":true,"jetpack_featured_media_url":"https:\/\/www.decinti.com\/wp-content\/uploads\/2016\/11\/image-3.jpg","_links":{"self":[{"href":"https:\/\/www.decinti.com\/en\/wp-json\/wp\/v2\/posts\/2415"}],"collection":[{"href":"https:\/\/www.decinti.com\/en\/wp-json\/wp\/v2\/posts"}],"about":[{"href":"https:\/\/www.decinti.com\/en\/wp-json\/wp\/v2\/types\/post"}],"author":[{"embeddable":true,"href":"https:\/\/www.decinti.com\/en\/wp-json\/wp\/v2\/users\/1"}],"replies":[{"embeddable":true,"href":"https:\/\/www.decinti.com\/en\/wp-json\/wp\/v2\/comments?post=2415"}],"version-history":[{"count":0,"href":"https:\/\/www.decinti.com\/en\/wp-json\/wp\/v2\/posts\/2415\/revisions"}],"wp:featuredmedia":[{"embeddable":true,"href":"https:\/\/www.decinti.com\/en\/wp-json\/wp\/v2\/media\/2427"}],"wp:attachment":[{"href":"https:\/\/www.decinti.com\/en\/wp-json\/wp\/v2\/media?parent=2415"}],"wp:term":[{"taxonomy":"category","embeddable":true,"href":"https:\/\/www.decinti.com\/en\/wp-json\/wp\/v2\/categories?post=2415"},{"taxonomy":"post_tag","embeddable":true,"href":"https:\/\/www.decinti.com\/en\/wp-json\/wp\/v2\/tags?post=2415"}],"curies":[{"name":"wp","href":"https:\/\/api.w.org\/{rel}","templated":true}]}}