{"id":2745,"date":"2018-03-21T09:17:14","date_gmt":"2018-03-21T09:17:14","guid":{"rendered":"http:\/\/www.decinti.com\/?p=2745"},"modified":"2018-03-21T09:24:46","modified_gmt":"2018-03-21T09:24:46","slug":"vielfaltige-kunst-im-hotel-statt-im-elfenbeinturm","status":"publish","type":"post","link":"https:\/\/www.decinti.com\/en\/vielfaltige-kunst-im-hotel-statt-im-elfenbeinturm\/","title":{"rendered":"Vielf\u00e4ltige Kunst im Hotel statt im Elfenbeinturm"},"content":{"rendered":"<p style=\"text-align: right;\">Von: Maximilian Gr\u00f6negr\u00e4s<\/p>\n<p>Aachener Zeitung,\u00a0<time>20. M\u00e4rz 2018, 18:32 Uhr<\/time><\/p>\n<p><strong>AACHEN<\/strong>. Kunst in ihrer h\u00f6chsten Vielf\u00e4ltigkeit \u2013 das bietet die erste Ausstellung \u201eSquare8+1=Variety\u201c (Eckig hoch 8+1 = Vielfalt), auf die Beine gestellt von der Aachen-ART-Company. Hinter dem augenscheinlich komplizierten Titel verbirgt sich eine kreative Idee.<\/p>\n<p>Die eckigen Gem\u00e4lde von acht international renommierten K\u00fcnstlerinnen und K\u00fcnstlern und einer vielversprechenden Newcomerin werden ab Freitag, 23. M\u00e4rz, um 19 Uhr in den R\u00e4umen des Hotels Pullman Quellenhof der \u00d6ffentlichkeit pr\u00e4sentiert.<\/p>\n<div id=\"attachment_2746\" style=\"width: 428px\" class=\"wp-caption alignright\"><img loading=\"lazy\" decoding=\"async\" aria-describedby=\"caption-attachment-2746\" class=\" wp-image-2746\" src=\"http:\/\/www.decinti.com\/wp-content\/uploads\/2018\/03\/image.jpg\" alt=\"\" width=\"418\" height=\"235\" srcset=\"https:\/\/www.decinti.com\/wp-content\/uploads\/2018\/03\/image.jpg 540w, https:\/\/www.decinti.com\/wp-content\/uploads\/2018\/03\/image-150x84.jpg 150w\" sizes=\"(max-width: 418px) 100vw, 418px\" \/><p id=\"caption-attachment-2746\" class=\"wp-caption-text\">Hoffen auf viel Volk im Haus an der Monheimsallee \u2013 mit einer Schau, die aus dem sprichw\u00f6rtlichen Rahmen f\u00e4llt: Im Quellenhof begr\u00fc\u00dfte Direktor Walter Hubel (3. von links) schon einmal die K\u00fcnstler und Sponsoren der Ausstellung \u201eSquare8+1=Variety\u201c. Foto: Andreas Schmitte<\/p><\/div>\n<p>Kiki Bragard, K\u00fcnstlerin und Inhaberin der Aachen-ART-Company, zeichnet f\u00fcr die Organisation des Events mitverantwortlich \u2013 sozusagen jenseits der vielzitierten Elfenbeint\u00fcrme. \u201eWir wollen weg von den \u00fcblichen Insider-Veranstaltungen, die sich nur an den eingeschworenen Kunstkenner richten\u201c, erkl\u00e4rt sie. \u201eUnser Ziel ist eine bunte Ausstellung, die jedem Spa\u00df machen soll.\u201c Bei der Auswahl der K\u00fcnstler sei es eher um ihre Unterschiede als um Gemeinsamkeiten gegangen. \u201eJeder von ihnen hat seine ganz eigene, individuelle Richtung\u201c, wei\u00df Bragard.<\/p>\n<p>Die Vielf\u00e4ltigkeit spiegelt sich nicht nur in den Werken, sondern auch in den Herkunftsl\u00e4ndern der Beteiligten wider. Einige reisen von sehr weit an: <strong>Alejandro DeCinti<\/strong> kommt aus Madrid und Simone Campos aus Brasilien, beide haben sich auf figurative Malerei spezialisiert. Andere sind eher regional angesiedelt: Viktor Popov kommt aus D\u00fcsseldorf, neben der Malerei fertigt er Skulpturen an. Einen noch k\u00fcrzeren Weg hat Newcomerin Anja M\u00fcnstermann aus Eschweiler, auch sie betreibt figurative Malerei.<\/p>\n<p>Die \u00e4ltesten Werke der Ausstellungen stammen aus den 1960er Jahren des vergangenen Jahrhunderts und wurden von Ludwig Schaffrath gefertigt, der 2011 starb. Der geb\u00fcrtige Alsdorfer machte sich vor allem im Bereich der Flachglas-Kunst einen Namen, seine Glasfenster sind in zahlreichen \u00f6ffentlichen Geb\u00e4uden, wie beispielsweise dem Aachener Dom oder der Grabeskirche St. Josef, zu finden. Zu den weiteren K\u00fcnstlerinnen und K\u00fcnstlern z\u00e4hlen Piet Hodiamont, Antonio M\u00e1ro und Rafael Ram\u00edrez M\u00e1ro aus Belgien sowie Kiki Bragard selbst.<\/p>\n<p>Am Er\u00f6ffnungsabend werden allerdings nicht nur Gem\u00e4lde gezeigt. Konstantin Nemerov aus K\u00f6ln h\u00e4lt ein Foto-Happening ab: Auf Wunsch setzt er die G\u00e4ste mit einer stilechten Polaroid-Kamera in Szene. Musikalisch begleitet wird das Ganze von Piet Hodiamont, der St\u00fccke von der Renaissance bis zum Jazz zum Besten gibt. Mit Sekt und einem Walking-Dinner ist f\u00fcr das leibliche Wohl der Besucher ebenfalls gesorgt.<\/p>\n<p>Das Schau im Quellenhof ist bis 31. M\u00e4rz von 10 bis 21 Uhr frei zug\u00e4nglich. Noch in diesem Jahr reist sie dann nach D\u00fcsseldorf und anschlie\u00dfend nach Kiew, doch damit nicht genug: 2019 geht es weiter nach Moskau und Dubai.<\/p>\n","protected":false},"excerpt":{"rendered":"<p>Von: Maximilian Gr\u00f6negr\u00e4s Aachener Zeitung,\u00a020. M\u00e4rz 2018, 18:32 Uhr AACHEN. Kunst in ihrer h\u00f6chsten Vielf\u00e4ltigkeit \u2013 das bietet die erste Ausstellung \u201eSquare8+1=Variety\u201c (Eckig hoch 8+1 = Vielfalt), auf die Beine gestellt von der Aachen-ART-Company. Hinter dem augenscheinlich komplizierten Titel verbirgt sich eine kreative Idee. Die eckigen Gem\u00e4lde von acht international renommierten K\u00fcnstlerinnen und K\u00fcnstlern und [&#8230;]<\/p>\n","protected":false},"author":1,"featured_media":2746,"comment_status":"closed","ping_status":"closed","sticky":false,"template":"","format":"standard","meta":{"_acf_changed":false,"_jetpack_memberships_contains_paid_content":false,"footnotes":""},"categories":[5],"tags":[],"acf":[],"jetpack_sharing_enabled":true,"jetpack_featured_media_url":"https:\/\/www.decinti.com\/wp-content\/uploads\/2018\/03\/image.jpg","_links":{"self":[{"href":"https:\/\/www.decinti.com\/en\/wp-json\/wp\/v2\/posts\/2745"}],"collection":[{"href":"https:\/\/www.decinti.com\/en\/wp-json\/wp\/v2\/posts"}],"about":[{"href":"https:\/\/www.decinti.com\/en\/wp-json\/wp\/v2\/types\/post"}],"author":[{"embeddable":true,"href":"https:\/\/www.decinti.com\/en\/wp-json\/wp\/v2\/users\/1"}],"replies":[{"embeddable":true,"href":"https:\/\/www.decinti.com\/en\/wp-json\/wp\/v2\/comments?post=2745"}],"version-history":[{"count":0,"href":"https:\/\/www.decinti.com\/en\/wp-json\/wp\/v2\/posts\/2745\/revisions"}],"wp:featuredmedia":[{"embeddable":true,"href":"https:\/\/www.decinti.com\/en\/wp-json\/wp\/v2\/media\/2746"}],"wp:attachment":[{"href":"https:\/\/www.decinti.com\/en\/wp-json\/wp\/v2\/media?parent=2745"}],"wp:term":[{"taxonomy":"category","embeddable":true,"href":"https:\/\/www.decinti.com\/en\/wp-json\/wp\/v2\/categories?post=2745"},{"taxonomy":"post_tag","embeddable":true,"href":"https:\/\/www.decinti.com\/en\/wp-json\/wp\/v2\/tags?post=2745"}],"curies":[{"name":"wp","href":"https:\/\/api.w.org\/{rel}","templated":true}]}}