{"id":2845,"date":"2018-06-11T09:13:37","date_gmt":"2018-06-11T09:13:37","guid":{"rendered":"http:\/\/www.decinti.com\/?p=2845"},"modified":"2018-06-11T18:17:32","modified_gmt":"2018-06-11T18:17:32","slug":"wahre-meister-des-handwerks-und-ihre-werke-aachener-zeitung","status":"publish","type":"post","link":"https:\/\/www.decinti.com\/en\/wahre-meister-des-handwerks-und-ihre-werke-aachener-zeitung\/","title":{"rendered":"Wahre Meister des Handwerks und ihre Werke"},"content":{"rendered":"<p><strong>Die neue Artibus-Kunstausstellung wird am Sonntag in der Burg-Galerie er\u00f6ffnet. Zahlreiche gro\u00dfformatige Bilder bekannter K\u00fcnstler zu sehen.<\/strong><\/p>\n<p style=\"text-align: right;\">von Dirk M\u00fcller<\/p>\n<div id=\"attachment_2851\" style=\"width: 456px\" class=\"wp-caption alignright\"><img loading=\"lazy\" decoding=\"async\" aria-describedby=\"caption-attachment-2851\" class=\" wp-image-2851\" src=\"http:\/\/www.decinti.com\/wp-content\/uploads\/2018\/06\/35126939_10212535293961941_5957158496121126912_o-1.jpg\" alt=\"\" width=\"446\" height=\"369\" srcset=\"https:\/\/www.decinti.com\/wp-content\/uploads\/2018\/06\/35126939_10212535293961941_5957158496121126912_o-1.jpg 1024w, https:\/\/www.decinti.com\/wp-content\/uploads\/2018\/06\/35126939_10212535293961941_5957158496121126912_o-1-150x124.jpg 150w, https:\/\/www.decinti.com\/wp-content\/uploads\/2018\/06\/35126939_10212535293961941_5957158496121126912_o-1-800x661.jpg 800w, https:\/\/www.decinti.com\/wp-content\/uploads\/2018\/06\/35126939_10212535293961941_5957158496121126912_o-1-768x635.jpg 768w\" sizes=\"(max-width: 446px) 100vw, 446px\" \/><p id=\"caption-attachment-2851\" class=\"wp-caption-text\">Artibus-Kurator Rafael Ramirez-M\u00e4ro (Foto) zeigt seine Werke in der Burg-Galerie ebenso wie Alejandro und Antonio DeCinti. Foto: D. M\u00fcller<\/p><\/div>\n<p><strong>Stolberg<\/strong>. Die neue Artibus-Kunst-ausstellung, die am kommenden Sonntag um 11 Uhr in der Burg-Galerie er\u00f6ffnet wird, korrespondiert mit dem 900-j\u00e4hrigen Bestehen der Kupferstadt und dem Motto des Kulturfestivals \u201eStolberg goes History&#8221;. Denn 15 gro\u00dfformatige Werke von Rafael Ramirez-M\u00e4ro sowie Alejandro und Antonio DeCinti entf\u00fchren den Betrachter in mehrfacher Hinsicht in die Geschichte. Thematisch beginnt die k\u00fcnstlerische Reise bei den Sagen des Altertums mit dem \u201eRaub der Europa&#8221; und m\u00fcndet im Mittelalter, das beispielsweise mit DeCintis Gem\u00e4lde vom \u201eNarrenschiff&#8221; pr\u00e4sent ist. Die Verbildlichung von Sebastian Brants Moralsatire aus dem Jahr 1494 trifft auf ein aktuelles Thema, das von Ramirez-M\u00e4ro allerdings mit mittelalterlicher Bildsprache umgesetzt wird.<\/p>\n<h3>Gewalt gegen Frauen<\/h3>\n<p>\u201eGewalt gegen Frauen&#8221; ist sein Sujet, und in schaurigen und bisweilen auch brutalen Szenerien wird der Mann zum T\u00e4ter, zum Tier, zur Bestie. Furchteinfl\u00f6\u00dfende Chim\u00e4-ren ziehen die Blicke dabei ebenso unwiderstehlich an, wie die romantisierenden Werke von DeCinti mit positiverer Ausstrahlung. W\u00e4hrend thematisch der Bogen von der Mythologie des klassischen Altertums bis hin zum Mittelalter gespannt wird, setzt ein weiterer Aspekt des beachtenswerten Ausstellung im Mittelalter an und f\u00fchrt bis in die Neuzeit: Die Schau ist auch eine Reise durch die Epochen der Malerei. Anhand der gezeigten Werke werden Technik, Malstil, Komposition und Farbauftrag im Laufe der Zeit demonstriert. Dabei wird im Rahmen der Ausstellung auch offenbar, dass die Maler Alejandro und Antonio DeCinti sowie Rafael Ramirez-M\u00e4ro sowohl k\u00fcnstlerisch \u00fcberzeugen, als auch wahre Meister ihres Handwerks sind.<\/p>\n<h4>Bis <strong>zum 30. Juni<\/strong> Ausstellung ge\u00f6ffnet<\/h4>\n<p><strong>Er\u00f6ffnet wird die<\/strong> Artibus-Ausstellung mit Werken von Rafael Ram\u00edrez-M\u00e4ro sowie Alejandro und Antonio DeCinti am Sonntag, 10. Juni, um 11 Uhr in der Burg-Galerie (Faches-Thumesnil-Platz).<br \/>\n<strong>Unter dem Motto<\/strong> \u201e900 Jahre Stol-berg&#8221; ist die Kunstausstellung bis zum 30. Juni dort zu sehen. Die \u00d6ffnungszeiten der Burg-Galerie sind dienstags bis sonntags von 12 bis 18 Uhr.<\/p>\n<p>Aachener Zeitung<\/p>\n<p><img loading=\"lazy\" decoding=\"async\" class=\"alignright size-large wp-image-2846\" src=\"http:\/\/www.decinti.com\/wp-content\/uploads\/2018\/06\/35126939_10212535293961941_5957158496121126912_o-1600x1349.jpg\" alt=\"\" width=\"1600\" height=\"1349\" srcset=\"https:\/\/www.decinti.com\/wp-content\/uploads\/2018\/06\/35126939_10212535293961941_5957158496121126912_o-1600x1349.jpg 1600w, https:\/\/www.decinti.com\/wp-content\/uploads\/2018\/06\/35126939_10212535293961941_5957158496121126912_o-150x126.jpg 150w, https:\/\/www.decinti.com\/wp-content\/uploads\/2018\/06\/35126939_10212535293961941_5957158496121126912_o-800x674.jpg 800w, https:\/\/www.decinti.com\/wp-content\/uploads\/2018\/06\/35126939_10212535293961941_5957158496121126912_o-768x647.jpg 768w, https:\/\/www.decinti.com\/wp-content\/uploads\/2018\/06\/35126939_10212535293961941_5957158496121126912_o.jpg 1885w\" sizes=\"(max-width: 1600px) 100vw, 1600px\" \/><\/p>\n","protected":false},"excerpt":{"rendered":"<p>Die neue Artibus-Kunstausstellung wird am Sonntag in der Burg-Galerie er\u00f6ffnet. Zahlreiche gro\u00dfformatige Bilder bekannter K\u00fcnstler zu sehen. von Dirk M\u00fcller Stolberg. Die neue Artibus-Kunst-ausstellung, die am kommenden Sonntag um 11 Uhr in der Burg-Galerie er\u00f6ffnet wird, korrespondiert mit dem 900-j\u00e4hrigen Bestehen der Kupferstadt und dem Motto des Kulturfestivals \u201eStolberg goes History&#8221;. Denn 15 gro\u00dfformatige Werke [&#8230;]<\/p>\n","protected":false},"author":1,"featured_media":2846,"comment_status":"closed","ping_status":"closed","sticky":false,"template":"","format":"standard","meta":{"_acf_changed":false,"_jetpack_memberships_contains_paid_content":false,"footnotes":""},"categories":[5],"tags":[],"acf":[],"jetpack_sharing_enabled":true,"jetpack_featured_media_url":"https:\/\/www.decinti.com\/wp-content\/uploads\/2018\/06\/35126939_10212535293961941_5957158496121126912_o.jpg","_links":{"self":[{"href":"https:\/\/www.decinti.com\/en\/wp-json\/wp\/v2\/posts\/2845"}],"collection":[{"href":"https:\/\/www.decinti.com\/en\/wp-json\/wp\/v2\/posts"}],"about":[{"href":"https:\/\/www.decinti.com\/en\/wp-json\/wp\/v2\/types\/post"}],"author":[{"embeddable":true,"href":"https:\/\/www.decinti.com\/en\/wp-json\/wp\/v2\/users\/1"}],"replies":[{"embeddable":true,"href":"https:\/\/www.decinti.com\/en\/wp-json\/wp\/v2\/comments?post=2845"}],"version-history":[{"count":0,"href":"https:\/\/www.decinti.com\/en\/wp-json\/wp\/v2\/posts\/2845\/revisions"}],"wp:featuredmedia":[{"embeddable":true,"href":"https:\/\/www.decinti.com\/en\/wp-json\/wp\/v2\/media\/2846"}],"wp:attachment":[{"href":"https:\/\/www.decinti.com\/en\/wp-json\/wp\/v2\/media?parent=2845"}],"wp:term":[{"taxonomy":"category","embeddable":true,"href":"https:\/\/www.decinti.com\/en\/wp-json\/wp\/v2\/categories?post=2845"},{"taxonomy":"post_tag","embeddable":true,"href":"https:\/\/www.decinti.com\/en\/wp-json\/wp\/v2\/tags?post=2845"}],"curies":[{"name":"wp","href":"https:\/\/api.w.org\/{rel}","templated":true}]}}