{"id":2861,"date":"2018-06-13T09:01:38","date_gmt":"2018-06-13T09:01:38","guid":{"rendered":"http:\/\/www.decinti.com\/?p=2861"},"modified":"2018-06-13T09:08:21","modified_gmt":"2018-06-13T09:08:21","slug":"artibus-mit-sehenswerter-kunst-in-die-geschichte-eintauchen","status":"publish","type":"post","link":"https:\/\/www.decinti.com\/en\/artibus-mit-sehenswerter-kunst-in-die-geschichte-eintauchen\/","title":{"rendered":"Artibus: Mit sehenswerter Kunst in die Geschichte eintauchen"},"content":{"rendered":"<p style=\"text-align: left;\">Die neue Artibus-Ausstellung ist er\u00f6ffnet. Zu sehen sind Werke von den K\u00fcnstlern Rafael Ramirez-M\u00e4ro sowie Alejandro und Antonio DeCinti. Die Kunstschau korrespondiert zeitlich und thematisch mit dem 900-j\u00e4hrigen Bestehen der Kupferstadt und dem Kulturfestival \u201eStolberg goes History&#8221;. Denn auf k\u00fcnstlerische Weise wird der langen Geschichte der Stadt auch in den Werken Rechnung getragen. 15 gro\u00dfformatige Gem\u00e4lde f\u00fchren thematisch passend von der Antike bis ins Mittelalter. Auch die Verschiedenen Maltechniken und -Stile spiegeln den Verlauf der Geschichte wieder und demonstrieren die Entwicklung vom Mittelalter bis in die Neuzeit eindrucksvoll. Die Kunstausstellung in der st\u00e4dtischen ArtibusReihe kannnoch bis zum 30. Juni in der Burg-Galerie am Faches-Thumesnil-Platz besucht werden. Der Eintritt ist kostenlos. Die \u00d6ffnungszeiten der Burg-Galerie sind dienstags bis sonntags, jeweils von 12 bis 18 Uhr.<\/p>\n<p style=\"text-align: right;\">(dim)\/Foto: H. Gath<\/p>\n<p><img loading=\"lazy\" decoding=\"async\" class=\"alignright size-large wp-image-2863\" src=\"http:\/\/www.decinti.com\/wp-content\/uploads\/2018\/06\/IMG_8295-1600x929.jpg\" alt=\"\" width=\"1600\" height=\"929\" srcset=\"https:\/\/www.decinti.com\/wp-content\/uploads\/2018\/06\/IMG_8295.jpg 1600w, https:\/\/www.decinti.com\/wp-content\/uploads\/2018\/06\/IMG_8295-150x87.jpg 150w, https:\/\/www.decinti.com\/wp-content\/uploads\/2018\/06\/IMG_8295-800x465.jpg 800w, https:\/\/www.decinti.com\/wp-content\/uploads\/2018\/06\/IMG_8295-768x446.jpg 768w\" sizes=\"(max-width: 1600px) 100vw, 1600px\" \/><\/p>\n","protected":false},"excerpt":{"rendered":"<p>Die neue Artibus-Ausstellung ist er\u00f6ffnet. Zu sehen sind Werke von den K\u00fcnstlern Rafael Ramirez-M\u00e4ro sowie Alejandro und Antonio DeCinti. Die Kunstschau korrespondiert zeitlich und thematisch mit dem 900-j\u00e4hrigen Bestehen der Kupferstadt und dem Kulturfestival \u201eStolberg goes History&#8221;. Denn auf k\u00fcnstlerische Weise wird der langen Geschichte der Stadt auch in den Werken Rechnung getragen. 15 gro\u00dfformatige [&#8230;]<\/p>\n","protected":false},"author":1,"featured_media":2863,"comment_status":"closed","ping_status":"closed","sticky":false,"template":"","format":"standard","meta":{"_acf_changed":false,"_jetpack_memberships_contains_paid_content":false,"footnotes":""},"categories":[8,5],"tags":[],"acf":[],"jetpack_sharing_enabled":true,"jetpack_featured_media_url":"https:\/\/www.decinti.com\/wp-content\/uploads\/2018\/06\/IMG_8295.jpg","_links":{"self":[{"href":"https:\/\/www.decinti.com\/en\/wp-json\/wp\/v2\/posts\/2861"}],"collection":[{"href":"https:\/\/www.decinti.com\/en\/wp-json\/wp\/v2\/posts"}],"about":[{"href":"https:\/\/www.decinti.com\/en\/wp-json\/wp\/v2\/types\/post"}],"author":[{"embeddable":true,"href":"https:\/\/www.decinti.com\/en\/wp-json\/wp\/v2\/users\/1"}],"replies":[{"embeddable":true,"href":"https:\/\/www.decinti.com\/en\/wp-json\/wp\/v2\/comments?post=2861"}],"version-history":[{"count":0,"href":"https:\/\/www.decinti.com\/en\/wp-json\/wp\/v2\/posts\/2861\/revisions"}],"wp:featuredmedia":[{"embeddable":true,"href":"https:\/\/www.decinti.com\/en\/wp-json\/wp\/v2\/media\/2863"}],"wp:attachment":[{"href":"https:\/\/www.decinti.com\/en\/wp-json\/wp\/v2\/media?parent=2861"}],"wp:term":[{"taxonomy":"category","embeddable":true,"href":"https:\/\/www.decinti.com\/en\/wp-json\/wp\/v2\/categories?post=2861"},{"taxonomy":"post_tag","embeddable":true,"href":"https:\/\/www.decinti.com\/en\/wp-json\/wp\/v2\/tags?post=2861"}],"curies":[{"name":"wp","href":"https:\/\/api.w.org\/{rel}","templated":true}]}}