{"id":3236,"date":"2019-06-04T18:34:57","date_gmt":"2019-06-04T18:34:57","guid":{"rendered":"https:\/\/www.decinti.com\/?p=3236"},"modified":"2019-06-06T08:04:50","modified_gmt":"2019-06-06T08:04:50","slug":"2019-jubilaumsausstellung-gabriele-paque-galerie","status":"publish","type":"post","link":"https:\/\/www.decinti.com\/en\/2019-jubilaumsausstellung-gabriele-paque-galerie\/","title":{"rendered":"Jubil\u00e4umsausstellung"},"content":{"rendered":"<p><\/p>\n<h5>Update 27.05.2019 \u2013 Fotos von VERNISSAGE und KONZERT: Jubil\u00e4umsausstellung \u2013 Das Musikstudio feiert 10-j\u00e4hriges Bestehen \/ Konzert vom Glinka Trio<\/h5>\n<p><a href=\"https:\/\/paque-klavier.de\/jubilaeum-2019\/\"><img loading=\"lazy\" decoding=\"async\" class=\"attachment-listing size-listing wp-post-image\" src=\"https:\/\/paque-klavier.de\/wp-content\/uploads\/2019\/05\/Sammelausstellung-Vernissage-Jubil%C3%A4um-2019-Otto-von-Kotzebue-Kirsten-Lubach-Rafael-Ramirez-Maro-Maria-Dierker-Dao-Droste-Gabriele-Paqu%C3%A9-1140x695.jpg\" alt=\"\" width=\"1140\" height=\"695\" \/><\/a><\/p>\n<div class=\"row\">\n<div class=\"col-md-1\"><\/div>\n<div class=\"col-md-11\">\n<div class=\"post-info\" style=\"text-align: right;\"><i class=\"fa fa-user\"><\/i>By paqueklavier\u00a0<i class=\"fa fa-calendar\"><\/i>Mittwoch, der 22. Mai 2019<\/div>\n<div class=\"shariff shariff-align-center shariff-widget-align-center\"><\/div>\n<p><em>v.l.n.r.: Rafael Ramirez M\u00e1ro, Dao Droste, Kirsten Lubach, Maria Dierker, Gabriele Paqu\u00e9 und Otto von Kotzebue (Foto: Johannes Paqu\u00e9)<\/em><\/p>\n<p><em>Liebe Freunde der Kunst und Musik,<\/em><\/p>\n<p><em>Am Samstag, den 25. Mai 2019 fand die Vernissage als Auftakt zur Feier des 10-j\u00e4hrigen Jubil\u00e4ums des Musikstudios statt. Zu diesem Anlass fanden sich sieben verschiedene K\u00fcnstler ein (oder lie\u00dfen sich auch vertreten), die das Musikstudio mit ihren Arbeiten schon \u00fcber mehrere Jahre begleitet haben. Kirsten Lubach, Otto von Kotzebue, Maria Dierker, Antonio M\u00e1ro, Rafael Ramirez M\u00e1ro, Alejandro DeCinti und Dao Droste stellten hierf\u00fcr zusammen \u00fcber 30 Werke zur Verf\u00fcgung und trotz ihrer unterschiedlichen Stile ist dabei eine sehr sch\u00f6ne und spannende Ausstellung entstanden.<\/em><\/p>\n<p><a href=\"https:\/\/paque-klavier.de\/wp-content\/uploads\/2019\/05\/Sammelausstellung-Vernissage-Jubil%C3%A4um-2019-Glinka-Trio-Seif-el-din-Sherif-Peter-Amann-Meriam-Dercksen.jpg\" data-slb-active=\"1\" data-slb-asset=\"1467771993\" data-slb-internal=\"0\" data-slb-group=\"5102\"><img loading=\"lazy\" decoding=\"async\" class=\"aligncenter size-full wp-image-5507\" src=\"https:\/\/paque-klavier.de\/wp-content\/uploads\/2019\/05\/Sammelausstellung-Vernissage-Jubil%C3%A4um-2019-Glinka-Trio-Seif-el-din-Sherif-Peter-Amann-Meriam-Dercksen.jpg\" sizes=\"(max-width: 2000px) 100vw, 2000px\" srcset=\"https:\/\/paque-klavier.de\/wp-content\/uploads\/2019\/05\/Sammelausstellung-Vernissage-Jubil\u00e4um-2019-Glinka-Trio-Seif-el-din-Sherif-Peter-Amann-Meriam-Dercksen.jpg 2000w, https:\/\/paque-klavier.de\/wp-content\/uploads\/2019\/05\/Sammelausstellung-Vernissage-Jubil\u00e4um-2019-Glinka-Trio-Seif-el-din-Sherif-Peter-Amann-Meriam-Dercksen-300x185.jpg 300w, https:\/\/paque-klavier.de\/wp-content\/uploads\/2019\/05\/Sammelausstellung-Vernissage-Jubil\u00e4um-2019-Glinka-Trio-Seif-el-din-Sherif-Peter-Amann-Meriam-Dercksen-768x475.jpg 768w, https:\/\/paque-klavier.de\/wp-content\/uploads\/2019\/05\/Sammelausstellung-Vernissage-Jubil\u00e4um-2019-Glinka-Trio-Seif-el-din-Sherif-Peter-Amann-Meriam-Dercksen-1024x633.jpg 1024w, https:\/\/paque-klavier.de\/wp-content\/uploads\/2019\/05\/Sammelausstellung-Vernissage-Jubil\u00e4um-2019-Glinka-Trio-Seif-el-din-Sherif-Peter-Amann-Meriam-Dercksen-1200x742.jpg 1200w, https:\/\/paque-klavier.de\/wp-content\/uploads\/2019\/05\/Sammelausstellung-Vernissage-Jubil\u00e4um-2019-Glinka-Trio-Seif-el-din-Sherif-Peter-Amann-Meriam-Dercksen-200x124.jpg 200w, https:\/\/paque-klavier.de\/wp-content\/uploads\/2019\/05\/Sammelausstellung-Vernissage-Jubil\u00e4um-2019-Glinka-Trio-Seif-el-din-Sherif-Peter-Amann-Meriam-Dercksen-150x93.jpg 150w, https:\/\/paque-klavier.de\/wp-content\/uploads\/2019\/05\/Sammelausstellung-Vernissage-Jubil\u00e4um-2019-Glinka-Trio-Seif-el-din-Sherif-Peter-Amann-Meriam-Dercksen-500x309.jpg 500w\" alt=\"\" width=\"2000\" height=\"1236\" \/><\/a><\/p>\n<p><em>Doch kommen wir zun\u00e4chst zum Konzert, das vorab um 15:30 Uhr stattfand. Mit\u00a0<strong>Seif el din Sherif<\/strong>\u00a0haben wir bereits schon einmal die Bekanntschaft gemacht und er ist uns als ein sehr feinsinniger und hochtalentierter Pianist in Erinnerung geblieben. Diesmal war er in Begleitung mit\u00a0<strong>Peter Amann<\/strong>\u00a0(Fagott) und\u00a0<strong>Meriam Dercksen<\/strong>\u00a0(Klarinette), mit denen er zusammen das\u00a0<strong>Glinka Trio<\/strong>\u00a0gr\u00fcndete. Zu h\u00f6ren waren St\u00fccke von Wolfgang Amadeus Mozart, Ludwig van Beethoven und nat\u00fcrlich von Michail Glinka. Ein derartiges Ensemble ist nat\u00fcrlich recht selten zu h\u00f6ren und so wartete das Publikum gespannt auf die ersten T\u00f6ne und es wurde nicht entt\u00e4uscht. Die klassischen St\u00fccke der drei Komponisten entfalteten sich in v\u00f6llig neuen Kl\u00e4ngen. Mit dem Fagott spielte Peter Amann h\u00e4ufig die Stimme, die eigentlich f\u00fcr eine Bratsche angedacht war, doch gab der ruhige und tiefere Bass dieses Instruments dem Ganzen eine ganz eigene Qualit\u00e4t. Meriam Dercksen spielte auf ihrer Klarinette lebhaft und gef\u00fchlvoll, w\u00e4hrend sie sich meist mit Seif el din Sherif oft in der Hauptstimme der Melodie abwechselte. Seif spielte ebenfalls sehr gef\u00fchlvoll und verstand es, die unterschiedlichen Stimmen der Instrumente mit seiner Begleitung, die in Verbindung mit dem Fagott einen wohlig-warmen Klangteppich gestaltete, zusammen zu halten. Ein wahrlich wunderbares Konzert!<br \/>\nZur Er\u00f6ffnung der Ausstellung selbst stellte Gabriele Paqu\u00e9 in kurzen Interviews mit den K\u00fcnstlern die K\u00fcnstler und ihre Werke vor.\u00a0<strong>Kirsten Lubach<\/strong>\u00a0stammt urspr\u00fcnglich aus der Bonner Region, doch ist sie inzwischen in Wien sesshaft geworden, wo sie f\u00fcr die \u00f6sterreichische Post arbeitet und unter anderem die Briefmarken entwirft. Zudem ist sie mit ihren Kupferstichen auch als K\u00fcnstlerin aktiv und ist auch h\u00e4ufiger in Galerien zu bewundern. Thematisch befasst sie sich mit der Natur und den verschiedenen Lebewesen, die man im Wald oder auch an der K\u00fcste antrifft.\u00a0<strong>Maria Dierker<\/strong>\u00a0hat sich ebenfalls ganz der Natur verschrieben und sowohl Bl\u00fctenbilder als auch die von ihr bekannten \u201cBaumpartituren\u201d ausgestellt. F\u00fcr sie hat der Baum eine ganz besondere Rolle, da er Leben spendet ein starkes Fundament repr\u00e4sentiert, das uns Menschen Halt gibt.\u00a0<strong>Otto von Kotzebue<\/strong>\u00a0ist erneut mit seiner Aquarellmalerei vertreten. Neben den schon \u00f6fters ausgestellten (Stadt)Landschaften gibt es ebenfalls auch abstrakte Malerei, die den Betrachter in ihrer R\u00e4tselhaftigkeit fesseln.<strong>\u00a0Dao Droste<\/strong>\u00a0ist wieder mit ihrer luftigen und sehr \u00e4sthetischen Malerei anzutreffen sowie mit drei Bronzeskulpturen, die in ihrer Eleganz die R\u00e4ume schm\u00fccken. Zuletzt erz\u00e4hlte\u00a0<strong>Rafael Ramirez M\u00e1ro<\/strong>\u00a0von seiner Arbeit als K\u00fcnstler. Er war an diesem Tag auch stellvertretend f\u00fcr seinen Vater\u00a0<strong>Apolo Ramirez<\/strong>\u00a0und den chilenischen Maler\u00a0<strong>Alejandro DeCinti<\/strong>. Rafael Ramirez M\u00e1ro arbeitet auf zwei Standbeinen, n\u00e4mlich zum Einen unter eigenem Namen und zum Anderen mit seinem Vater zusammen unter dem Pseudonym\u00a0<strong>Antonio M\u00e1ro<\/strong>. Als Antonio M\u00e1ro kreieren beide K\u00fcnstler meist abstrakte Malerei, die in ihrer meditativen Stimmung die Kunst der indigenen Bev\u00f6lkerung Perus aufgreift, derer beide K\u00fcnstler Nachfahren sind. Unter eigenem Namen entwirft Rafael Ramirez M\u00e1ro wiederum Gem\u00e4lde nach barockem Vorbild, die sich durch ihren narrativen Charakter von Antonio M\u00e1ro abheben. In \u00e4hnlicher Weise malt auch Alejandro DeCinti, den eine enge Freundschaft mit Rafael verbindet. W\u00e4hrend von Alejandro DeCinti in dieser Ausstellung haupts\u00e4chlich Werke aus dem Zyklus \u201cDas Narrenschiff\u201d (nach Sebastian Brant, 15. Jhdt.) zu sehen sind, sind von Rafael Werke aus den Zyklen \u201cMythologie\u201d und \u201cLa Celestine\u201d zu bewundern.<\/em><\/p>\n<p><em>Wie immer fanden die Gespr\u00e4che mit den K\u00fcnstlern ein gro\u00dfes Interesse beim Publikum und somit war diese Vernissage ein wundervoller Anfang, um das Jubil\u00e4um des Musikstudios zu feiern!<\/em><\/p>\n<p><em>Die Ausstellung ist bis zum 13. Juli 2019 zu besichtigen.<\/em><\/p>\n<p>&nbsp;<\/p>\n<h2><strong>Video zur Ausstellungser\u00f6ffnung<\/strong><\/h2>\n<div class=\"fluid-width-video-wrapper\"><iframe loading=\"lazy\" id=\"fitvid377273\" title=\"Galerie Paqu\u00e9 - Sammelausstellung Jubil\u00e4um 2019\" src=\"https:\/\/www.youtube.com\/embed\/cMSzFktaPzI?feature=oembed\" width=\"700\" height=\"450\" frameborder=\"0\" allowfullscreen=\"allowfullscreen\" data-mce-fragment=\"1\"><\/iframe><\/div>\n<hr \/>\n<p>\u2013Liebe Freunde des Musikstudios,<\/p>\n<p>Es ist soweit! Das Musikstudio feiert sein 10-j\u00e4hriges Bestehen! W\u00e4hrend die\u00a0<strong>eigentliche Feier am 22. Juni<\/strong>\u00a0stattfindet, beginnen wir die Festivit\u00e4ten schon einmal mit einer Ausstellungser\u00f6ffnung, die es in sich hat: Alle K\u00fcnstler, die das Musikstudio in besonderer Weise auf seinem Weg begleitet haben, werden mit Werken vertreten sein und somit wandelt sich das Musikstudio w\u00e4hrend dieser Sammelausstellung in ein Eldorado eines ganzen Ensembles von Malern!<\/p>\n<p>Freuen Sie sich auf Werke von\u00a0<a href=\"https:\/\/paque-klavier.de\/maro\/\"><strong>M\u00e1ro<\/strong><\/a>,\u00a0<a href=\"https:\/\/paque-klavier.de\/rafael_ramirez_maro\/\"><strong>Rafael Ramirez M\u00e1ro<\/strong><\/a>,\u00a0<a href=\"https:\/\/paque-klavier.de\/maria-dierker\/\"><strong>Maria Dierker<\/strong><\/a>,\u00a0<a href=\"https:\/\/paque-klavier.de\/29-04-2017-vernissage-dao-droste-prasentiert-uber-dem-lotossee\/\"><strong>Dao Droste<\/strong><\/a>,\u00a0<strong><a href=\"https:\/\/paque-klavier.de\/kuenstler_kotzebue\/\">Otto von Kotzebue<\/a><\/strong>,\u00a0<a href=\"https:\/\/paque-klavier.de\/kirsten_lubach\/\"><strong>Kirsten Lubach<\/strong><\/a>\u00a0und\u00a0<a href=\"https:\/\/paque-klavier.de\/alejandro_decinti\/\"><strong>Alejandro DeCinti<\/strong><\/a>! Bilder und Lebensl\u00e4ufe der einzelnen K\u00fcnstler finden Sie \u00fcber einen Klick auf den jeweiligen Namen.<\/p>\n<p>Diesen tollen Menschen hat es das Musikstudio wahrhaft zu verdanken, dass es neben der Musik- auch in der Kunstszene auf einem hochgradigen Niveau vertreten ist. Ich kann gar nicht beschreiben, wie \u00fcberaus dankbar und gl\u00fccklich ich bin, mit ihnen allen zusammenzuarbeiten!<\/p>\n<p>Nat\u00fcrlich soll traditionsgem\u00e4\u00df auch nicht der musikalische Aspekt bei dieser Er\u00f6ffnung zu kurz kommen und daher freut es mich sehr, das\u00a0<strong>Glinka Trio<\/strong>\u00a0im Musikstudio willkommen zu hei\u00dfen! Gegr\u00fcndet hat es sich 2016 aus den inzwischen ehemaligen Studenten der\u00a0<em>Hochschule f\u00fcr Musik und Tanz K\u00f6ln<\/em>\u00a0<strong>Meriam Dercksen<\/strong>\u00a0(Klarinette),\u00a0<strong>Seif El Din Sherif<\/strong>\u00a0(Klavier) und\u00a0<strong>Peter Amann<\/strong>\u00a0(Fagott). Seif El Din Sherif war bereits schon einmal im Musikstudio zu h\u00f6ren und ich kann garantieren, dass sich auch dieses Konzert sicher wieder lohnen wird! Gespielt werden St\u00fccke von M. Glinka, W. A. Mozart und L. v. Beethoven.<\/p>\n<\/div>\n<\/div>\n<p><\/p>","protected":false},"excerpt":{"rendered":"<p>Update 27.05.2019 \u2013 Fotos von VERNISSAGE und KONZERT: Jubil\u00e4umsausstellung \u2013 Das Musikstudio feiert 10-j\u00e4hriges Bestehen \/ Konzert vom Glinka Trio By paqueklavier\u00a0Mittwoch, der 22. Mai 2019 v.l.n.r.: Rafael Ramirez M\u00e1ro, Dao Droste, Kirsten Lubach, Maria Dierker, Gabriele Paqu\u00e9 und Otto von Kotzebue (Foto: Johannes Paqu\u00e9) Liebe Freunde der Kunst und Musik, Am Samstag, den 25. [&#8230;]<\/p>\n","protected":false},"author":1,"featured_media":3241,"comment_status":"open","ping_status":"open","sticky":false,"template":"","format":"standard","meta":{"_acf_changed":false,"_jetpack_memberships_contains_paid_content":false,"footnotes":""},"categories":[5],"tags":[],"acf":[],"jetpack_sharing_enabled":true,"jetpack_featured_media_url":"https:\/\/www.decinti.com\/wp-content\/uploads\/2019\/06\/Sammelausstellung-Vernissage-Jubil\u00e4um-2019-Otto-von-Kotzebue-Kirsten-Lubach-Rafael-Ramirez-Maro-Maria-Dierker-Dao-Droste-Gabriele-Paqu\u00e9-1140x695.jpg","_links":{"self":[{"href":"https:\/\/www.decinti.com\/en\/wp-json\/wp\/v2\/posts\/3236"}],"collection":[{"href":"https:\/\/www.decinti.com\/en\/wp-json\/wp\/v2\/posts"}],"about":[{"href":"https:\/\/www.decinti.com\/en\/wp-json\/wp\/v2\/types\/post"}],"author":[{"embeddable":true,"href":"https:\/\/www.decinti.com\/en\/wp-json\/wp\/v2\/users\/1"}],"replies":[{"embeddable":true,"href":"https:\/\/www.decinti.com\/en\/wp-json\/wp\/v2\/comments?post=3236"}],"version-history":[{"count":7,"href":"https:\/\/www.decinti.com\/en\/wp-json\/wp\/v2\/posts\/3236\/revisions"}],"predecessor-version":[{"id":3246,"href":"https:\/\/www.decinti.com\/en\/wp-json\/wp\/v2\/posts\/3236\/revisions\/3246"}],"wp:featuredmedia":[{"embeddable":true,"href":"https:\/\/www.decinti.com\/en\/wp-json\/wp\/v2\/media\/3241"}],"wp:attachment":[{"href":"https:\/\/www.decinti.com\/en\/wp-json\/wp\/v2\/media?parent=3236"}],"wp:term":[{"taxonomy":"category","embeddable":true,"href":"https:\/\/www.decinti.com\/en\/wp-json\/wp\/v2\/categories?post=3236"},{"taxonomy":"post_tag","embeddable":true,"href":"https:\/\/www.decinti.com\/en\/wp-json\/wp\/v2\/tags?post=3236"}],"curies":[{"name":"wp","href":"https:\/\/api.w.org\/{rel}","templated":true}]}}