{"id":3371,"date":"2019-11-23T08:51:15","date_gmt":"2019-11-23T08:51:15","guid":{"rendered":"https:\/\/www.decinti.com\/?p=3371"},"modified":"2019-11-30T09:08:00","modified_gmt":"2019-11-30T09:08:00","slug":"aloja-miq-cuatro-exposiciones-inspiradas-en-la-migracion-la-jornada","status":"publish","type":"post","link":"https:\/\/www.decinti.com\/en\/aloja-miq-cuatro-exposiciones-inspiradas-en-la-migracion-la-jornada\/","title":{"rendered":"Aloja MIQ cuatro exposiciones inspiradas en la migraci\u00f3n. La Jornada"},"content":{"rendered":"<div class=\"col-sm-12\">\n<div class=\"ljn-nota-datos\" style=\"text-align: right;\"><span class=\"float-left\"><span class=\"nitf_author font-weight-bold\">Daniel L\u00f3pez Aguilar, enviado\u00a0<\/span>|\u00a0lunes, 14 oct 2019 11:44<\/span><\/div>\n<div><\/div>\n<\/div>\n<div class=\"col-sm-12 col-lg-8\">\n<div class=\"ljn-nota-media\">\n<div id=\"ljn-nota-carousel\" class=\"carousel slide\" data-ride=\"carousel\" data-interval=\"false\">\n<div class=\"carousel-inner\">\n<div class=\"carousel-item active\"><img loading=\"lazy\" decoding=\"async\" class=\"aligncenter size-full wp-image-3372\" src=\"https:\/\/www.decinti.com\/wp-content\/uploads\/2019\/11\/image_large.jpg\" alt=\"\" width=\"745\" height=\"372\" srcset=\"https:\/\/www.decinti.com\/wp-content\/uploads\/2019\/11\/image_large.jpg 745w, https:\/\/www.decinti.com\/wp-content\/uploads\/2019\/11\/image_large-150x75.jpg 150w\" sizes=\"(max-width: 745px) 100vw, 745px\" \/><\/p>\n<div class=\"carousel-caption ljn-caption-nota\"><\/div>\n<\/div>\n<\/div>\n<\/div>\n<\/div>\n<div class=\"row\">\n<div class=\"col-sm-12 col-xl-12\"><\/div>\n<div class=\"col-sm-12 col-xl-9 order-xl-2 ljn-nota-contenido\">\n<div id=\"content_nitf\" class=\" tbl-forkorts-article tbl-forkorts-article-active\">\n<p><em>Guanajuato.\u00a0<\/em>El Museo Iconogr\u00e1fico del Quijote (MIQ) aloja cuatro exposiciones de artistas mexicanos y extranjeros inspirados en la migraci\u00f3n, hilo conductor de la edici\u00f3n 47 del Festival Internacional Cervantino.<\/p>\n<p>\u201cLa intenci\u00f3n es ofrecer un espacio que fomente la reflexi\u00f3n en los visitantes para que \u2014a la vez\u2014 \u00e9stos puedan profundizar en las dimensiones y el impacto del fen\u00f3meno migratorio en millones de mexicanos y de otras partes del mundo\u201d, explic\u00f3 a\u00a0<em>La Jornada<\/em>, Onofre S\u00e1nchez, director de ese recinto.<\/p>\n<\/div>\n<\/div>\n<\/div>\n<\/div>\n","protected":false},"excerpt":{"rendered":"<p>Daniel L\u00f3pez Aguilar, enviado\u00a0|\u00a0lunes, 14 oct 2019 11:44 Guanajuato.\u00a0El Museo Iconogr\u00e1fico del Quijote (MIQ) aloja cuatro exposiciones de artistas mexicanos y extranjeros inspirados en la migraci\u00f3n, hilo conductor de la edici\u00f3n 47 del Festival Internacional Cervantino. \u201cLa intenci\u00f3n es ofrecer un espacio que fomente la reflexi\u00f3n en los visitantes para que \u2014a la vez\u2014 \u00e9stos [&#8230;]<\/p>\n","protected":false},"author":1,"featured_media":3372,"comment_status":"open","ping_status":"open","sticky":false,"template":"","format":"standard","meta":{"_acf_changed":false,"_jetpack_memberships_contains_paid_content":false,"footnotes":""},"categories":[5,1],"tags":[],"acf":[],"jetpack_sharing_enabled":true,"jetpack_featured_media_url":"https:\/\/www.decinti.com\/wp-content\/uploads\/2019\/11\/image_large.jpg","_links":{"self":[{"href":"https:\/\/www.decinti.com\/en\/wp-json\/wp\/v2\/posts\/3371"}],"collection":[{"href":"https:\/\/www.decinti.com\/en\/wp-json\/wp\/v2\/posts"}],"about":[{"href":"https:\/\/www.decinti.com\/en\/wp-json\/wp\/v2\/types\/post"}],"author":[{"embeddable":true,"href":"https:\/\/www.decinti.com\/en\/wp-json\/wp\/v2\/users\/1"}],"replies":[{"embeddable":true,"href":"https:\/\/www.decinti.com\/en\/wp-json\/wp\/v2\/comments?post=3371"}],"version-history":[{"count":1,"href":"https:\/\/www.decinti.com\/en\/wp-json\/wp\/v2\/posts\/3371\/revisions"}],"predecessor-version":[{"id":3373,"href":"https:\/\/www.decinti.com\/en\/wp-json\/wp\/v2\/posts\/3371\/revisions\/3373"}],"wp:featuredmedia":[{"embeddable":true,"href":"https:\/\/www.decinti.com\/en\/wp-json\/wp\/v2\/media\/3372"}],"wp:attachment":[{"href":"https:\/\/www.decinti.com\/en\/wp-json\/wp\/v2\/media?parent=3371"}],"wp:term":[{"taxonomy":"category","embeddable":true,"href":"https:\/\/www.decinti.com\/en\/wp-json\/wp\/v2\/categories?post=3371"},{"taxonomy":"post_tag","embeddable":true,"href":"https:\/\/www.decinti.com\/en\/wp-json\/wp\/v2\/tags?post=3371"}],"curies":[{"name":"wp","href":"https:\/\/api.w.org\/{rel}","templated":true}]}}