{"id":3458,"date":"2020-05-21T09:40:11","date_gmt":"2020-05-21T09:40:11","guid":{"rendered":"https:\/\/www.decinti.com\/?p=3458"},"modified":"2020-11-11T19:14:17","modified_gmt":"2020-11-11T19:14:17","slug":"ovationen-fur-den-titan-galerie-paque-zeigt-zu-ehren-beethovens","status":"publish","type":"post","link":"https:\/\/www.decinti.com\/en\/ovationen-fur-den-titan-galerie-paque-zeigt-zu-ehren-beethovens\/","title":{"rendered":"(Espa\u00f1ol) Ovationen f\u00fcr den Titan Galerie Paque zeigt \u201eZu Ehren Beethovens&#8221;"},"content":{"rendered":"<p><br \/>\n<\/p>\n<p style=\"text-align: right;\"><img loading=\"lazy\" decoding=\"async\" class=\"alignleft wp-image-3459 size-medium\" src=\"https:\/\/www.decinti.com\/wp-content\/uploads\/2020\/05\/Beethvoen-GA-vom-21.05.2020-151x800.jpg\" alt=\"\" width=\"151\" height=\"800\" srcset=\"https:\/\/www.decinti.com\/wp-content\/uploads\/2020\/05\/Beethvoen-GA-vom-21.05.2020-151x800.jpg 151w, https:\/\/www.decinti.com\/wp-content\/uploads\/2020\/05\/Beethvoen-GA-vom-21.05.2020-302x1600.jpg 302w, https:\/\/www.decinti.com\/wp-content\/uploads\/2020\/05\/Beethvoen-GA-vom-21.05.2020.jpg 456w\" sizes=\"(max-width: 151px) 100vw, 151px\" \/>GENERAL ANZEIGER VOM 21. MAI 2020<\/p>\n<p style=\"text-align: right;\">VON CHRISTINA ZU MECKLENBURG<\/p>\n<p style=\"text-align: left;\">Das Projekt \u201eZu Ehren Beethovens&#8221; war als Kombination von instrumentalen R\u00e4rit\u00e4ten und sieben k\u00fcnstlerischen Positionen geplant. Verblieben sind nunmehr die sehenswerten Diskurse eines f\u00fcnfk\u00f6pfigen K\u00fcnstlerteams; diese werden, sobald sich Lockerungen im europ\u00e4ischen Grenzverkehr durchsetzen, aufgestockt durch Gem\u00e4lde von Rafael Ram\u00edrez M\u00e4ro und Alejandro DeCinti.<br \/>\nDerweil zeigt die vorwiegend von regionalen K\u00fcnstlern bestrittene Intimversion der Beethoven Hommage vornehmlich Auseinandersetzungen mit der Pers\u00f6nlichkeit, den Eigenheiten sowie mit den Klangwelten des Komponisten. Maria Dierker sp\u00fcrt in ihren versponnenen \u201eBaumpartituren&#8221; (Frottagen) sowie in gleicherma\u00dfen vibrierenden Gem\u00e4lden Beethovens Naturverbundenheit nach. Ihre fern\u00f6stlich grundierten Schwarz-Wei\u00df-Kompositionen nehmen den Dialog auf mit den poetischen Collagen und meditativen Assemblagen von Milena Kunz-Bi-jno. Elektrisierende Blauvarianten, glimmende Goldt\u00f6ne, verblichene Notenfaksimiles und Briefliteratur, \u00fcbermalte Papierfetzen undrollen suggerieren die Aura einer Kompositionswerkstatt oder das emotionale Klima musikalischer Auff\u00fchrungen. Die schlanken, teils naturbelassenen oder bemalten Holzskulpturen von Michael Tauchert thematisieren unterdessen etwa Beethovens Geh\u00f6rverlust oder gar eine fiktive Begegnung mit Mozart. Schlussendlich beschert der M\u00fcnchner Otto von Kotzebue geradezu st\u00fcrmische Ovationen (Aquarell, Collage) an die Beethovenstadt.<br \/>\nMusikstudio und Galerie Gabriele Paqu\u00f6, Bl\u00fccherstr. 14, bis Mitte August.<\/p>\n<p style=\"text-align: left;\">Anmeldung unter: info@paque-klavier.<\/p>\n<p><\/p>","protected":false},"excerpt":{"rendered":"<p>GENERAL ANZEIGER VOM 21. MAI 2020 VON CHRISTINA ZU MECKLENBURG Das Projekt \u201eZu Ehren Beethovens&#8221; war als Kombination von instrumentalen R\u00e4rit\u00e4ten und sieben k\u00fcnstlerischen Positionen geplant. Verblieben sind nunmehr die sehenswerten Diskurse eines f\u00fcnfk\u00f6pfigen K\u00fcnstlerteams; diese werden, sobald sich Lockerungen im europ\u00e4ischen Grenzverkehr durchsetzen, aufgestockt durch Gem\u00e4lde von Rafael Ram\u00edrez M\u00e4ro und Alejandro DeCinti. Derweil [&#8230;]<\/p>\n","protected":false},"author":1,"featured_media":3596,"comment_status":"open","ping_status":"open","sticky":false,"template":"","format":"standard","meta":{"_acf_changed":false,"_jetpack_memberships_contains_paid_content":false,"footnotes":""},"categories":[5],"tags":[],"acf":[],"jetpack_sharing_enabled":true,"jetpack_featured_media_url":"https:\/\/www.decinti.com\/wp-content\/uploads\/2020\/05\/GP-Logo-Quadrat.jpg","_links":{"self":[{"href":"https:\/\/www.decinti.com\/en\/wp-json\/wp\/v2\/posts\/3458"}],"collection":[{"href":"https:\/\/www.decinti.com\/en\/wp-json\/wp\/v2\/posts"}],"about":[{"href":"https:\/\/www.decinti.com\/en\/wp-json\/wp\/v2\/types\/post"}],"author":[{"embeddable":true,"href":"https:\/\/www.decinti.com\/en\/wp-json\/wp\/v2\/users\/1"}],"replies":[{"embeddable":true,"href":"https:\/\/www.decinti.com\/en\/wp-json\/wp\/v2\/comments?post=3458"}],"version-history":[{"count":4,"href":"https:\/\/www.decinti.com\/en\/wp-json\/wp\/v2\/posts\/3458\/revisions"}],"predecessor-version":[{"id":3463,"href":"https:\/\/www.decinti.com\/en\/wp-json\/wp\/v2\/posts\/3458\/revisions\/3463"}],"wp:featuredmedia":[{"embeddable":true,"href":"https:\/\/www.decinti.com\/en\/wp-json\/wp\/v2\/media\/3596"}],"wp:attachment":[{"href":"https:\/\/www.decinti.com\/en\/wp-json\/wp\/v2\/media?parent=3458"}],"wp:term":[{"taxonomy":"category","embeddable":true,"href":"https:\/\/www.decinti.com\/en\/wp-json\/wp\/v2\/categories?post=3458"},{"taxonomy":"post_tag","embeddable":true,"href":"https:\/\/www.decinti.com\/en\/wp-json\/wp\/v2\/tags?post=3458"}],"curies":[{"name":"wp","href":"https:\/\/api.w.org\/{rel}","templated":true}]}}