{"id":424,"date":"2013-04-04T20:02:46","date_gmt":"2013-04-04T20:02:46","guid":{"rendered":"http:\/\/site.decinti.com\/?p=424"},"modified":"2016-08-27T20:54:33","modified_gmt":"2016-08-27T20:54:33","slug":"meister-des-zeitgenossischen-realismus-in-spanien-michael-nungesser","status":"publish","type":"post","link":"https:\/\/www.decinti.com\/en\/meister-des-zeitgenossischen-realismus-in-spanien-michael-nungesser\/","title":{"rendered":"Meister des zeitgen\u00f6ssischen Realismus in Spanien"},"content":{"rendered":"<p><a href=\"http:\/\/site.decinti.com\/category\/info\/\">Volver a Info<\/a><\/p>\n<p>Michael Nungesser<\/p>\n<p>Por primera vez en Alemania desde hace m\u00e1s de un cuarto de siglo (en la parte oriental del pa\u00eds) con esta completa exposici\u00f3n, comenz\u00f3 el intento de presentar en p\u00fablico una de las principales exposiciones del realismo contempor\u00e1neo en Espa\u00f1a, mediante m\u00e1s de 80 obras seleccionadas de las dos \u00faltimas d\u00e9cadas. Fueron presentadas exclusivamente pinturas y un selecto grupo de dibujos de un conjunto de 19 artistas de tres generaciones, de Madrid (con la inclusi\u00f3n de Chinch\u00f3n) y Barcelona, como los dos centros m\u00e1s importantes hoy en d\u00eda donde se considera que se encuentran los focos del realismo espa\u00f1ol. Los trabajos individuales completan el grupo de maestros que encarna tal vez la m\u00e1s importante escuela de pintores realistas de Europa, una escuela que se considera mientras tanto como hist\u00f3rica: El realismo espa\u00f1ol contempor\u00e1neo.<\/p>\n<p>Lo ligado a la tradici\u00f3n caracteriza a este realismo, as\u00ed como el acabado perfecto, tambi\u00e9n el perfecto dominio de los recursos, atm\u00f3sferas densas y el encuentro del humanismo existencial, el cual expresan los cuadros, pero ante todo la m\u00e1s estrecha uni\u00f3n en la visi\u00f3n de la realidad, basada sobre un estudio intensivo de la naturaleza cono base, as\u00ed como en la decisi\u00f3n de la apreciaci\u00f3n de la escala de todos los trabajos de arte, y un decidido y cr\u00edtico reflejo de lo contempor\u00e1neo m\u00e1s all\u00e1 de ret\u00f3rica propagand\u00edstica. En esencia este arte es como capturar un realismo sensual de lo cotidiano, en cuanto al contenido formal.<\/p>\n<p>De an\u00e1loga modestia son los motivos y temas de estos cuadros: naturaleza muerta, escenas de estudio, interiores, figuras humanas y \u2013sobretodo- lo moldeado por el hombre y en general el desierto paisaje urbano. Toda la narrativa versa sobre la reflexi\u00f3n est\u00e9tica de la observaci\u00f3n retrospectiva. La visi\u00f3n art\u00edstica sublimina lo contemplado, en el color, luz y forma gracias a la fantas\u00eda de los pintores concentrada en una nueva realidad. Ninguna otra regi\u00f3n geogr\u00e1fica ha producido en los \u00faltimos 30 a\u00f1os semejante cantidad, calidad y firmeza en la formaci\u00f3n realista, y en continuaci\u00f3n con su tradici\u00f3n, como podr\u00eda tambi\u00e9n afirmarse en Espa\u00f1a.<br \/>\nJunto a todos los principios estil\u00edsticos el acuerdo de este arte es c\u00e1lido igualmente pero tambi\u00e9n se preciben su enorme individualidad y diversidad.<br \/>\nEl objetivo de la presentaci\u00f3n no es por lo tanto lo principal a presentar sobre el realismo espa\u00f1ol de la actualidad, sino al mismo tiempo tambi\u00e9n la particularidad de cada individualidad en el intento de las tradiciones nacionales trabajadas hac\u00eda afuera, as\u00ed como la especial importancia de ese arte que lleva la claridad ante los ojos en la pintura actual.<\/p>\n<p>Amalia Avia, Cristian Avil\u00e9s, DAO (Daniel Aguirre-Aceval), Alejandro Decinti, Carlos D\u00edaz, C\u00e9sar Galicia, Clara Gangutia, Jes\u00fas Ib\u00e1\u00f1ez, Antonio L\u00f3pez, Luis Marsans, Mar\u00eda Moreno, Pedro Moreno Meyerhoff, Guillermo Mu\u00f1oz Vera, Alejandro Quincoces, Isabel Quintanilla, Josep Roca-Sastre, Josep Santilari, Pere Santilari, Julio Vaquero.<\/p>\n<p>El libro que acompa\u00f1a la exposici\u00f3n ofrece una amplia cantidad de im\u00e1genes, informaci\u00f3n biogr\u00e1fica, documentaci\u00f3n detallada y una completa introducci\u00f3n al tema, escrito por Michael Nungesser, un reconocido experto en el arte espa\u00f1ol, especialmente en el campo de la pintura contempor\u00e1nea.<br \/>\n<a href=\"http:\/\/panorama-museum.de\/ausstellung-reader\/Ausstellung\/im-licht-der-wirklichkeit-zeitgenoessischer-realismus-in-spanien.html\">Museum &#8220;Panorama Museum&#8221;. Bad Frankenhausen. Deutschland<\/a><\/p>\n<p>A<em>lejandro Decinti (1973) hat mehrfach das Leben in der Gro\u00dfstadt dargestell, Menschen auf der Stra\u00dfe, vor dem Kino wartend &#8211; auch er, wie so viele andere spanische Realisten, angezogen von der urbanen Hauptschlagader Gran Via in Madrid &#8211; oder Menschen in Bars und Restaurants. Doch das einfache kleinst\u00e4dtische Leben mit Haus, Garten und Hof &#8211; als Serie auch am Beispiel des idyllischen Museo ]aoquin Sorolla in Madrid vorgef\u00fchrt, ehemals Wohnsitz des valencianischen Malers &#8211; nimmt einen gro\u00dfen Raum im Werk ein und bietet Gelegenheit f\u00fcr stillebenhafre Szenen. Beispiele hierf\u00fcr sind &#8220;Patio de Ra\u00fal Alonso&#8221; (Hof von Raul Alonso) von 2002, das eine schlichte Hinterhofecke zeigt, \u00bbMateriales en el patio\u00ab (Materialien im Hof) von 2005 mit gew\u00f6hnlichen, auf dem Fu\u00dfboden abgestellten Gebrauchsgegenst\u00e4nden, und &#8220;Alacena, fuente y membrillos&#8221; (Wandschrank, Sch\u00fcssel und Quitten) von 2006, das am ehesten an den Typus des barocken spanischen Stillebens anschlie\u00dft und in einer Mauervertiefung aus wenigen Dingen eine spannungsreiche Gegenstandskonstellation erstehen l\u00e4sst.<\/p>\n<p>Das famili\u00e4re Leben im Haus ist Motiv vieler Bilder von Decinti und h\u00e4ufig Anlass f\u00fcr Interieurs mit komplexen Sichtverweisen, die mittels offen stehender T\u00fcren verschie\u00addene Zimmer, Flure und Treppenhaus visuell miteinander verbinden und einzelne Personen (manchmal, von Bild\u00adoder T\u00fcrrand angeschni rren, gleichsam nur fragmentarisch anwesend) bei allt\u00e4glichen Verrichtungen aufscheinen las\u00adsen. Immer wieder stellt Decinti Frau und Kinder dar: ihre Gesichter, Teile des K\u00f6rpers, halbnackt, sitzend oder ste\u00adhend, vielfach im Bett liegend, tr\u00e4umend oder schlafend wie Tochter Alma im Gem\u00e4lde &#8220;Para Alma&#8221; (F\u00fcr Alma) von 2002, das sie in entspannter Haltung zeigt, ein Bein angezogen im Bett, das andere frei baumelnd. Wie in vielen dieser Familienbilder sind K\u00f6rper und Teile der n\u00e4chsten Umgebung realistisch dargestellt, andere Bildpartien weisen abstrahierende und freie Farbkompositionen auf, die den Raum \u00f6ffnen, dynamisieren und eine Atmosph\u00e4re von W\u00e4rme und Vertrautheit schaffen, in denen die Personen manchmal wie zu schweben scheinen.<\/em><\/p>\n","protected":false},"excerpt":{"rendered":"<p>Volver a Info Michael Nungesser Por primera vez en Alemania desde hace m\u00e1s de un cuarto de siglo (en la parte oriental del pa\u00eds) con esta completa exposici\u00f3n, comenz\u00f3 el intento de presentar en p\u00fablico una de las principales exposiciones del realismo contempor\u00e1neo en Espa\u00f1a, mediante m\u00e1s de 80 obras seleccionadas de las dos \u00faltimas [&#8230;]<\/p>\n","protected":false},"author":1,"featured_media":202,"comment_status":"closed","ping_status":"closed","sticky":false,"template":"","format":"standard","meta":{"_acf_changed":false,"_jetpack_memberships_contains_paid_content":false,"footnotes":""},"categories":[5],"tags":[],"acf":[],"jetpack_sharing_enabled":true,"jetpack_featured_media_url":"https:\/\/www.decinti.com\/wp-content\/uploads\/2013\/04\/IMG_1504.jpg","_links":{"self":[{"href":"https:\/\/www.decinti.com\/en\/wp-json\/wp\/v2\/posts\/424"}],"collection":[{"href":"https:\/\/www.decinti.com\/en\/wp-json\/wp\/v2\/posts"}],"about":[{"href":"https:\/\/www.decinti.com\/en\/wp-json\/wp\/v2\/types\/post"}],"author":[{"embeddable":true,"href":"https:\/\/www.decinti.com\/en\/wp-json\/wp\/v2\/users\/1"}],"replies":[{"embeddable":true,"href":"https:\/\/www.decinti.com\/en\/wp-json\/wp\/v2\/comments?post=424"}],"version-history":[{"count":0,"href":"https:\/\/www.decinti.com\/en\/wp-json\/wp\/v2\/posts\/424\/revisions"}],"wp:featuredmedia":[{"embeddable":true,"href":"https:\/\/www.decinti.com\/en\/wp-json\/wp\/v2\/media\/202"}],"wp:attachment":[{"href":"https:\/\/www.decinti.com\/en\/wp-json\/wp\/v2\/media?parent=424"}],"wp:term":[{"taxonomy":"category","embeddable":true,"href":"https:\/\/www.decinti.com\/en\/wp-json\/wp\/v2\/categories?post=424"},{"taxonomy":"post_tag","embeddable":true,"href":"https:\/\/www.decinti.com\/en\/wp-json\/wp\/v2\/tags?post=424"}],"curies":[{"name":"wp","href":"https:\/\/api.w.org\/{rel}","templated":true}]}}