{"id":437,"date":"2013-04-04T20:07:30","date_gmt":"2013-04-04T20:07:30","guid":{"rendered":"http:\/\/site.decinti.com\/?p=437"},"modified":"2016-08-27T20:58:15","modified_gmt":"2016-08-27T20:58:15","slug":"hispanidad-realismo-spagnolo","status":"publish","type":"post","link":"https:\/\/www.decinti.com\/en\/hispanidad-realismo-spagnolo\/","title":{"rendered":"Hispanidad Realismo spagnolo"},"content":{"rendered":"<p><a href=\"http:\/\/site.decinti.com\/category\/info\/\">Volver a Info<\/a><\/p>\n<p>\u201c\u2026Natura \u00e8 quel che sappiamo &#8211; ma non abbiamo l\u2019arte di dire &#8211; tanto impotente \u00e8 la nostra sapienza a confronto della sua semplicit\u00e0\u201d, scriveva Emily Dickinson, sottolineando la difficolt\u00e0 che l\u2019uomo incontra nel misurarsi con la realt\u00e0. Apparentemente essa \u00e8 materia facile da trattare, in fondo non \u00e8 altro che ci\u00f2 che ogni giorno ci passa sotto gli occhi, eppure nel corso della storia dell\u2019arte \u00e8 stata pi\u00f9 volte oggetto di accanimenti e discussioni circa la sua effettuabile riproduzione.<br \/>\nIl religioso intento di rendere fedelmente la realt\u00e0 fu caro ad un illustre spagnolo vissuto quattro secoli fa, Diego Vel\u00e1zquez, come al grande artista figurativo Antonio L\u00f3pez Garc\u00eda, che cinquan\u2019anni fa sperimentava l\u2019iperrealismo, spesso oltraggiato dagli ostinati sostenitori delle nuove tendenze.<br \/>\nLa galleria 44, a pochi mesi dalla sua nascita, continua la sua missione nel promuovere la pittura figurativa con una collettiva che riunisce alcuni dei talenti della Fondazione Arte e Autori Contemporanei di Chinch\u00f3n uniti da una comune aspirazione: fare della realt\u00e0 oggetto di ricerca artistica.<br \/>\nL\u2019accademia di Chinch\u00f3n, a pochi chilometri da Madrid, non \u00e8 solo un luogo deputato all\u2019acquisizione di conoscenze e tecniche artistiche, ma \u00e8 una vera fucina di pensiero, per cos\u00ec dire un cantiere intellettuale, dove il confronto e la riflessione rendono possibili l\u2019esperienza pittorica come ultimo stadio di riflessione. Mentore della scuola \u00e8 Gillermo Mu\u00f1oz Vera, seguace di L\u00f3pez Garc\u00eda e grande sostenitore del realismo contemporaneo.<br \/>\n<strong>Alejandro Decinti (1973, Santiago del Cile) nel suo grande quadro <em>Full metal racket<\/em> rende il film proiettato sul suo schermo punto nodale dell\u2019intera scena, in cui si stagliano in primo piano delle gambe, che chiarificano l\u2019azione. <\/strong><br \/>\nDaniel Aguirre Aceval (DAO) (1973, Santiago del Cile) rende protagonisti del suo <em>El \u00faltimo cielo<\/em> un personal computer e un cestino della spazzatura attiguo, topoi moderni dell\u2019arredo casalingo, e, sempre lui, non si astiene dal raffigurare la crudele sorte di una rondine morta tra i rifiuti e la polvere di un freddo pavimento.<br \/>\nJorge Izquierdo (1978, Lima) fissa un gioco di repentini sguardi e gesti che si consumano durante un\u2019amichevole partita a carte, rendendo la scena cos\u00ec vitale da permettere facilmente l\u2019immedesimazione nella piece.<strong><a href=\"http:\/\/decinti.eu\/spanish\/info5.html\"><br \/>\n<\/a><\/strong><\/p>\n","protected":false},"excerpt":{"rendered":"<p>Volver a Info \u201c\u2026Natura \u00e8 quel che sappiamo &#8211; ma non abbiamo l\u2019arte di dire &#8211; tanto impotente \u00e8 la nostra sapienza a confronto della sua semplicit\u00e0\u201d, scriveva Emily Dickinson, sottolineando la difficolt\u00e0 che l\u2019uomo incontra nel misurarsi con la realt\u00e0. Apparentemente essa \u00e8 materia facile da trattare, in fondo non \u00e8 altro che ci\u00f2 [&#8230;]<\/p>\n","protected":false},"author":1,"featured_media":121,"comment_status":"closed","ping_status":"closed","sticky":false,"template":"","format":"standard","meta":{"_acf_changed":false,"_jetpack_memberships_contains_paid_content":false,"footnotes":""},"categories":[5],"tags":[],"acf":[],"jetpack_sharing_enabled":true,"jetpack_featured_media_url":"https:\/\/www.decinti.com\/wp-content\/uploads\/2013\/04\/30.jpg","_links":{"self":[{"href":"https:\/\/www.decinti.com\/en\/wp-json\/wp\/v2\/posts\/437"}],"collection":[{"href":"https:\/\/www.decinti.com\/en\/wp-json\/wp\/v2\/posts"}],"about":[{"href":"https:\/\/www.decinti.com\/en\/wp-json\/wp\/v2\/types\/post"}],"author":[{"embeddable":true,"href":"https:\/\/www.decinti.com\/en\/wp-json\/wp\/v2\/users\/1"}],"replies":[{"embeddable":true,"href":"https:\/\/www.decinti.com\/en\/wp-json\/wp\/v2\/comments?post=437"}],"version-history":[{"count":0,"href":"https:\/\/www.decinti.com\/en\/wp-json\/wp\/v2\/posts\/437\/revisions"}],"wp:featuredmedia":[{"embeddable":true,"href":"https:\/\/www.decinti.com\/en\/wp-json\/wp\/v2\/media\/121"}],"wp:attachment":[{"href":"https:\/\/www.decinti.com\/en\/wp-json\/wp\/v2\/media?parent=437"}],"wp:term":[{"taxonomy":"category","embeddable":true,"href":"https:\/\/www.decinti.com\/en\/wp-json\/wp\/v2\/categories?post=437"},{"taxonomy":"post_tag","embeddable":true,"href":"https:\/\/www.decinti.com\/en\/wp-json\/wp\/v2\/tags?post=437"}],"curies":[{"name":"wp","href":"https:\/\/api.w.org\/{rel}","templated":true}]}}