{"id":4979,"date":"2024-04-18T19:26:14","date_gmt":"2024-04-18T19:26:14","guid":{"rendered":"https:\/\/www.decinti.com\/?p=4979"},"modified":"2024-04-20T11:45:29","modified_gmt":"2024-04-20T11:45:29","slug":"english-conviven-tres-perspectivas-de-arte-actual-en-museo-casa-diego-rivera-con-exposicion-de-el-bloque-am-guanajuato","status":"publish","type":"post","link":"https:\/\/www.decinti.com\/en\/english-conviven-tres-perspectivas-de-arte-actual-en-museo-casa-diego-rivera-con-exposicion-de-el-bloque-am-guanajuato\/","title":{"rendered":"Conviven tres perspectivas de arte actual en Museo Casa Diego Rivera con exposici\u00f3n de El Bloque \/ AM Guanajuato"},"content":{"rendered":"<h4>Las obras de Alejandro De Cinti, \u00d3scar Villal\u00f3n y Heder Contreras, miembros de El Bloque, estar\u00e1n en exhibici\u00f3n en el Museo Casa Diego Rivera en Guanajuato<\/h4>\n<p style=\"text-align: right;\">POR MAR\u00cdA JOS\u00c9 SOTO PALLARES<br \/>\nPublicado en<br \/>\nCultura<br \/>\n18\/4\/2024 \u00b7 11:00<\/p>\n<h4 style=\"text-align: left;\">Conviven tres perspectivas de arte actual en Museo Casa Diego Rivera con exposici\u00f3n de El Bloque<\/h4>\n<p style=\"text-align: center;\"><a href=\"https:\/\/www.decinti.com\/wp-content\/uploads\/2024\/04\/f960x540-573184_647259_5050.webp\"><img loading=\"lazy\" decoding=\"async\" class=\"size-full wp-image-4982 aligncenter\" src=\"https:\/\/www.decinti.com\/wp-content\/uploads\/2024\/04\/f960x540-573184_647259_5050.webp\" alt=\"\" width=\"960\" height=\"540\" srcset=\"https:\/\/www.decinti.com\/wp-content\/uploads\/2024\/04\/f960x540-573184_647259_5050.webp 960w, https:\/\/www.decinti.com\/wp-content\/uploads\/2024\/04\/f960x540-573184_647259_5050-800x450.webp 800w, https:\/\/www.decinti.com\/wp-content\/uploads\/2024\/04\/f960x540-573184_647259_5050-150x84.webp 150w, https:\/\/www.decinti.com\/wp-content\/uploads\/2024\/04\/f960x540-573184_647259_5050-768x432.webp 768w\" sizes=\"(max-width: 960px) 100vw, 960px\" \/><\/a><br \/>\n<em>\u2018El Bloque: Exposici\u00f3n de pintura contempor\u00e1nea\u201d est\u00e1 conformada por 14 pinturas y se exhibe en la sala del Programa de Apoyo a Artistas dentro del Museo Casa Diego Rivera. Fotos: Mar\u00eda Jos\u00e9 Soto..<\/em><\/p>\n<p style=\"text-align: left;\">El Instituto Estatal de la Cultura (IEC) inaugur\u00f3 la exposici\u00f3n \u201cEl Bloque: Exposici\u00f3n de pintura contempor\u00e1nea\u201d en el Museo Casa Diego Rivera. La cual re\u00fane obras de Alejandro De Cinti, \u00d3scar Villal\u00f3n y Heder Contreras que exploran temas como la migraci\u00f3n y la cotidianidad.<\/p>\n<p>De Cinti, Villal\u00f3n y Contreras forman EL BLOQUE, un colectivo que se form\u00f3 en el 2020 con apoyo del curador Luis Arcos. Tiene como objetivo la promoci\u00f3n del arte y su ense\u00f1anza a trav\u00e9s de la academia que tienen en Madrid, Espa\u00f1a.<\/p>\n<p><a href=\"https:\/\/www.decinti.com\/wp-content\/uploads\/2024\/04\/f768x400-573185_617088_5050.webp\"><img loading=\"lazy\" decoding=\"async\" class=\"size-full wp-image-4980 aligncenter\" src=\"https:\/\/www.decinti.com\/wp-content\/uploads\/2024\/04\/f768x400-573185_617088_5050.webp\" alt=\"\" width=\"768\" height=\"400\" srcset=\"https:\/\/www.decinti.com\/wp-content\/uploads\/2024\/04\/f768x400-573185_617088_5050.webp 768w, https:\/\/www.decinti.com\/wp-content\/uploads\/2024\/04\/f768x400-573185_617088_5050-150x78.webp 150w\" sizes=\"(max-width: 768px) 100vw, 768px\" \/><\/a><\/p>\n<p style=\"text-align: center;\"><em>Cada una de las obras muestra un conflicto social, de religi\u00f3n y de identidad. Foto: Mar\u00eda Jos\u00e9 Soto.<\/em><\/p>\n<p>Heder Contreras considera que la pintura figurativa permite crear un v\u00ednculo con el espectador. los cuales permiten fortalecer la comunicaci\u00f3n entre ambos. Sus estilos pict\u00f3ricos exploran la figura humana, el retrato, bodeg\u00f3n, paisaje urbano y sus t\u00f3picos giran en torno a la cotidianidad.<\/p>\n<p>Para Alejandro De Cinti la pintura tradicional le ofrece la posibilidad de explorar la espiritualidad, especialmente en el catolicismo y la cultura, temas que convergen en una reflexi\u00f3n sobre la identidad chilena y americana.<\/p>\n<p>Mientras que \u00d3scar Villal\u00f3n se clasifica en la corriente del nuevo realismo espa\u00f1ol, aunque tambi\u00e9n fluye entre el pop art y el realismo. Su obra apela al sentido comunicativo del arte y pretende que el espectador reflexione sobre su propia existencia.<\/p>\n<p>En su intervenci\u00f3n, la directora del IEC, Adriana Camarena de Obeso mencion\u00f3 que la exposici\u00f3n forma parte de los esfuerzos por promover y fomentar la creaci\u00f3n art\u00edstica de talentos guanajuatenese. Dijo que a la fecha suman 14 exposiciones de m\u00e1s de 63 artistas.<\/p>\n<p>\u201cEstos tres creadores desde la libertad art\u00edstica, buscan llegar a un p\u00fablico de diversas latitudes, revelando propuestas sinceras y muy personales, en la que se pueden descubrir los rasgos que los aglutinan a ellos\u201d, mencion\u00f3 Camarena de Obeso.<\/p>\n<p><a href=\"https:\/\/www.decinti.com\/wp-content\/uploads\/2024\/04\/f768x400-573186_617089_5050.webp\"><img loading=\"lazy\" decoding=\"async\" class=\"size-full wp-image-4981 aligncenter\" src=\"https:\/\/www.decinti.com\/wp-content\/uploads\/2024\/04\/f768x400-573186_617089_5050.webp\" alt=\"\" width=\"768\" height=\"400\" srcset=\"https:\/\/www.decinti.com\/wp-content\/uploads\/2024\/04\/f768x400-573186_617089_5050.webp 768w, https:\/\/www.decinti.com\/wp-content\/uploads\/2024\/04\/f768x400-573186_617089_5050-150x78.webp 150w\" sizes=\"(max-width: 768px) 100vw, 768px\" \/><\/a><\/p>\n<p style=\"text-align: center;\"><em>Adriana Camarena de Obeso, directora del IEC. Foto: Mar\u00eda Jos\u00e9 Soto.<\/em><\/p>\n<p>\u201cEl Bloque: Exposici\u00f3n de pintura contempor\u00e1nea\u201d est\u00e1 conformada por 14 pinturas y se exhibe en la sala del Programa de Apoyo a Artistas dentro del Museo Casa Diego Rivera.<\/p>\n<p>Este museo abre de martes a s\u00e1bado en un horario de 10 de la ma\u00f1ana a 7 de la noche y los domingos de 10 de la ma\u00f1ana a 3 de la tarde. La entrada tiene un costo de 30 pesos general y de 10 pesos para ni\u00f1os, estudiantes, maestros con credencial y adultos mayores de INAPAM.<\/p>\n","protected":false},"excerpt":{"rendered":"<p>Las obras de Alejandro De Cinti, \u00d3scar Villal\u00f3n y Heder Contreras, miembros de El Bloque, estar\u00e1n en exhibici\u00f3n en el Museo Casa Diego Rivera en Guanajuato POR MAR\u00cdA JOS\u00c9 SOTO PALLARES Publicado en Cultura 18\/4\/2024 \u00b7 11:00 Conviven tres perspectivas de arte actual en Museo Casa Diego Rivera con exposici\u00f3n de El Bloque \u2018El Bloque: [&#8230;]<\/p>\n","protected":false},"author":1,"featured_media":4981,"comment_status":"open","ping_status":"open","sticky":false,"template":"","format":"standard","meta":{"_acf_changed":false,"_jetpack_memberships_contains_paid_content":false,"footnotes":""},"categories":[5],"tags":[],"acf":[],"jetpack_sharing_enabled":true,"jetpack_featured_media_url":"https:\/\/www.decinti.com\/wp-content\/uploads\/2024\/04\/f768x400-573186_617089_5050.webp","_links":{"self":[{"href":"https:\/\/www.decinti.com\/en\/wp-json\/wp\/v2\/posts\/4979"}],"collection":[{"href":"https:\/\/www.decinti.com\/en\/wp-json\/wp\/v2\/posts"}],"about":[{"href":"https:\/\/www.decinti.com\/en\/wp-json\/wp\/v2\/types\/post"}],"author":[{"embeddable":true,"href":"https:\/\/www.decinti.com\/en\/wp-json\/wp\/v2\/users\/1"}],"replies":[{"embeddable":true,"href":"https:\/\/www.decinti.com\/en\/wp-json\/wp\/v2\/comments?post=4979"}],"version-history":[{"count":6,"href":"https:\/\/www.decinti.com\/en\/wp-json\/wp\/v2\/posts\/4979\/revisions"}],"predecessor-version":[{"id":5041,"href":"https:\/\/www.decinti.com\/en\/wp-json\/wp\/v2\/posts\/4979\/revisions\/5041"}],"wp:featuredmedia":[{"embeddable":true,"href":"https:\/\/www.decinti.com\/en\/wp-json\/wp\/v2\/media\/4981"}],"wp:attachment":[{"href":"https:\/\/www.decinti.com\/en\/wp-json\/wp\/v2\/media?parent=4979"}],"wp:term":[{"taxonomy":"category","embeddable":true,"href":"https:\/\/www.decinti.com\/en\/wp-json\/wp\/v2\/categories?post=4979"},{"taxonomy":"post_tag","embeddable":true,"href":"https:\/\/www.decinti.com\/en\/wp-json\/wp\/v2\/tags?post=4979"}],"curies":[{"name":"wp","href":"https:\/\/api.w.org\/{rel}","templated":true}]}}